{"id":16616,"date":"2019-08-09T07:14:48","date_gmt":"2019-08-09T05:14:48","guid":{"rendered":"http:\/\/fmc.wwwsrc5.supercp.com\/?p=16616"},"modified":"2019-09-10T11:30:21","modified_gmt":"2019-09-10T09:30:21","slug":"2017-certificacion-registro-nacional-de-organizaciones-de-la-sociedad-civil","status":"publish","type":"post","link":"https:\/\/fmc.org.ar\/en\/2019\/08\/09\/2017-certificacion-registro-nacional-de-organizaciones-de-la-sociedad-civil\/","title":{"rendered":"2017 &#8211; Certificaci\u00f3n Registro Nacional de Organizaciones de la Sociedad Civil"},"content":{"rendered":"<p>Con alegr\u00eda queremos contarles que nos encontramos inscriptos en el Registro Nacional de Organizaciones de la Sociedad Civil vinculadas a la Salud y tenemos el n\u00famero de registro 0037.<\/p>\n<p>Nos lleg\u00f3 la invitaci\u00f3n de la Direcci\u00f3n Nacional de Relaciones con Organizaciones de la Sociedad para poder formar parte de este nuevo registro. En Abril presentamos toda la documentaci\u00f3n requerida para poder ingresar y fue aprobada en el mes de Mayo.<\/p>\n<p><img loading=\"lazy\" decoding=\"async\" class=\"alignnone wp-image-15847 size-medium\" src=\"http:\/\/fmc.wwwsrc5.supercp.com\/wp-content\/uploads\/2015\/12\/Certificado-Registro-Nacion-300x213.jpg\" alt=\"\" width=\"300\" height=\"213\" srcset=\"https:\/\/fmc.org.ar\/wp-content\/uploads\/2015\/12\/Certificado-Registro-Nacion-300x213.jpg 300w, https:\/\/fmc.org.ar\/wp-content\/uploads\/2015\/12\/Certificado-Registro-Nacion-768x545.jpg 768w, https:\/\/fmc.org.ar\/wp-content\/uploads\/2015\/12\/Certificado-Registro-Nacion-1024x726.jpg 1024w, https:\/\/fmc.org.ar\/wp-content\/uploads\/2015\/12\/Certificado-Registro-Nacion.jpg 1519w\" sizes=\"auto, (max-width: 300px) 100vw, 300px\" \/><\/p>","protected":false},"excerpt":{"rendered":"<p>Con alegr\u00eda queremos contarles que nos encontramos inscriptos en el Registro Nacional de Organizaciones de la Sociedad Civil vinculadas a la Salud y tenemos el n\u00famero de registro 0037. Nos lleg\u00f3 la invitaci\u00f3n de la Direcci\u00f3n Nacional de Relaciones con Organizaciones de la Sociedad para poder formar parte de este nuevo registro. En Abril presentamos toda la documentaci\u00f3n requerida para [&hellip;]<\/p>","protected":false},"author":3,"featured_media":0,"comment_status":"open","ping_status":"open","sticky":false,"template":"","format":"standard","meta":{"footnotes":""},"categories":[41],"tags":[],"class_list":["post-16616","post","type-post","status-publish","format-standard","hentry","category-logros"],"yoast_head":"<!-- This site is optimized with the Yoast SEO plugin v26.4 - https:\/\/yoast.com\/wordpress\/plugins\/seo\/ -->\n<title>2017 - Certificaci\u00f3n Registro Nacional de Organizaciones de la Sociedad Civil - fmc<\/title>\n<meta name=\"robots\" content=\"index, follow, max-snippet:-1, max-image-preview:large, max-video-preview:-1\" \/>\n<link rel=\"canonical\" href=\"https:\/\/fmc.org.ar\/en\/2019\/08\/09\/2017-certificacion-registro-nacional-de-organizaciones-de-la-sociedad-civil\/\" \/>\n<meta property=\"og:locale\" content=\"en_US\" \/>\n<meta property=\"og:type\" content=\"article\" \/>\n<meta property=\"og:title\" content=\"2017 - Certificaci\u00f3n Registro Nacional de Organizaciones de la Sociedad Civil - fmc\" \/>\n<meta property=\"og:description\" content=\"Con alegr\u00eda queremos contarles que nos encontramos inscriptos en el Registro Nacional de Organizaciones de la Sociedad Civil vinculadas a la Salud y tenemos el n\u00famero de registro 0037. Nos lleg\u00f3 la invitaci\u00f3n de la Direcci\u00f3n Nacional de Relaciones con Organizaciones de la Sociedad para poder formar parte de este nuevo registro. En Abril presentamos toda la documentaci\u00f3n requerida para [&hellip;]\" \/>\n<meta property=\"og:url\" content=\"https:\/\/fmc.org.ar\/en\/2019\/08\/09\/2017-certificacion-registro-nacional-de-organizaciones-de-la-sociedad-civil\/\" \/>\n<meta property=\"og:site_name\" content=\"fmc\" \/>\n<meta property=\"article:published_time\" content=\"2019-08-09T05:14:48+00:00\" \/>\n<meta property=\"article:modified_time\" content=\"2019-09-10T09:30:21+00:00\" \/>\n<meta property=\"og:image\" content=\"http:\/\/fmc.wwwsrc5.supercp.com\/wp-content\/uploads\/2015\/12\/Certificado-Registro-Nacion-300x213.jpg\" \/>\n<meta name=\"author\" content=\"TINO\" \/>\n<meta name=\"twitter:card\" content=\"summary_large_image\" \/>\n<meta name=\"twitter:label1\" content=\"Written by\" \/>\n\t<meta name=\"twitter:data1\" content=\"TINO\" \/>\n<script type=\"application\/ld+json\" class=\"yoast-schema-graph\">{\"@context\":\"https:\/\/schema.org\",\"@graph\":[{\"@type\":\"Article\",\"@id\":\"https:\/\/fmc.org.ar\/en\/2019\/08\/09\/2017-certificacion-registro-nacional-de-organizaciones-de-la-sociedad-civil\/#article\",\"isPartOf\":{\"@id\":\"https:\/\/fmc.org.ar\/en\/2019\/08\/09\/2017-certificacion-registro-nacional-de-organizaciones-de-la-sociedad-civil\/\"},\"author\":{\"name\":\"TINO\",\"@id\":\"https:\/\/fmc.org.ar\/#\/schema\/person\/ddb4733984afcb7bcb086aeecefbd261\"},\"headline\":\"2017 &#8211; Certificaci\u00f3n Registro Nacional de Organizaciones de la Sociedad Civil\",\"datePublished\":\"2019-08-09T05:14:48+00:00\",\"dateModified\":\"2019-09-10T09:30:21+00:00\",\"mainEntityOfPage\":{\"@id\":\"https:\/\/fmc.org.ar\/en\/2019\/08\/09\/2017-certificacion-registro-nacional-de-organizaciones-de-la-sociedad-civil\/\"},\"wordCount\":85,\"commentCount\":0,\"publisher\":{\"@id\":\"https:\/\/fmc.org.ar\/#organization\"},\"image\":{\"@id\":\"https:\/\/fmc.org.ar\/en\/2019\/08\/09\/2017-certificacion-registro-nacional-de-organizaciones-de-la-sociedad-civil\/#primaryimage\"},\"thumbnailUrl\":\"http:\/\/fmc.wwwsrc5.supercp.com\/wp-content\/uploads\/2015\/12\/Certificado-Registro-Nacion-300x213.jpg\",\"articleSection\":[\"Logros\"],\"inLanguage\":\"en-US\",\"potentialAction\":[{\"@type\":\"CommentAction\",\"name\":\"Comment\",\"target\":[\"https:\/\/fmc.org.ar\/en\/2019\/08\/09\/2017-certificacion-registro-nacional-de-organizaciones-de-la-sociedad-civil\/#respond\"]}]},{\"@type\":\"WebPage\",\"@id\":\"https:\/\/fmc.org.ar\/en\/2019\/08\/09\/2017-certificacion-registro-nacional-de-organizaciones-de-la-sociedad-civil\/\",\"url\":\"https:\/\/fmc.org.ar\/en\/2019\/08\/09\/2017-certificacion-registro-nacional-de-organizaciones-de-la-sociedad-civil\/\",\"name\":\"2017 - Certificaci\u00f3n Registro Nacional de Organizaciones de la Sociedad Civil - fmc\",\"isPartOf\":{\"@id\":\"https:\/\/fmc.org.ar\/#website\"},\"primaryImageOfPage\":{\"@id\":\"https:\/\/fmc.org.ar\/en\/2019\/08\/09\/2017-certificacion-registro-nacional-de-organizaciones-de-la-sociedad-civil\/#primaryimage\"},\"image\":{\"@id\":\"https:\/\/fmc.org.ar\/en\/2019\/08\/09\/2017-certificacion-registro-nacional-de-organizaciones-de-la-sociedad-civil\/#primaryimage\"},\"thumbnailUrl\":\"http:\/\/fmc.wwwsrc5.supercp.com\/wp-content\/uploads\/2015\/12\/Certificado-Registro-Nacion-300x213.jpg\",\"datePublished\":\"2019-08-09T05:14:48+00:00\",\"dateModified\":\"2019-09-10T09:30:21+00:00\",\"breadcrumb\":{\"@id\":\"https:\/\/fmc.org.ar\/en\/2019\/08\/09\/2017-certificacion-registro-nacional-de-organizaciones-de-la-sociedad-civil\/#breadcrumb\"},\"inLanguage\":\"en-US\",\"potentialAction\":[{\"@type\":\"ReadAction\",\"target\":[\"https:\/\/fmc.org.ar\/en\/2019\/08\/09\/2017-certificacion-registro-nacional-de-organizaciones-de-la-sociedad-civil\/\"]}]},{\"@type\":\"ImageObject\",\"inLanguage\":\"en-US\",\"@id\":\"https:\/\/fmc.org.ar\/en\/2019\/08\/09\/2017-certificacion-registro-nacional-de-organizaciones-de-la-sociedad-civil\/#primaryimage\",\"url\":\"http:\/\/fmc.wwwsrc5.supercp.com\/wp-content\/uploads\/2015\/12\/Certificado-Registro-Nacion-300x213.jpg\",\"contentUrl\":\"http:\/\/fmc.wwwsrc5.supercp.com\/wp-content\/uploads\/2015\/12\/Certificado-Registro-Nacion-300x213.jpg\"},{\"@type\":\"BreadcrumbList\",\"@id\":\"https:\/\/fmc.org.ar\/en\/2019\/08\/09\/2017-certificacion-registro-nacional-de-organizaciones-de-la-sociedad-civil\/#breadcrumb\",\"itemListElement\":[{\"@type\":\"ListItem\",\"position\":1,\"name\":\"Portada\",\"item\":\"https:\/\/fmc.org.ar\/\"},{\"@type\":\"ListItem\",\"position\":2,\"name\":\"2017 &#8211; Certificaci\u00f3n Registro Nacional de Organizaciones de la Sociedad Civil\"}]},{\"@type\":\"WebSite\",\"@id\":\"https:\/\/fmc.org.ar\/#website\",\"url\":\"https:\/\/fmc.org.ar\/\",\"name\":\"fmc\",\"description\":\"Tratamiento Integral del Ni\u00f1o Oncol\u00f3gico\",\"publisher\":{\"@id\":\"https:\/\/fmc.org.ar\/#organization\"},\"potentialAction\":[{\"@type\":\"SearchAction\",\"target\":{\"@type\":\"EntryPoint\",\"urlTemplate\":\"https:\/\/fmc.org.ar\/?s={search_term_string}\"},\"query-input\":{\"@type\":\"PropertyValueSpecification\",\"valueRequired\":true,\"valueName\":\"search_term_string\"}}],\"inLanguage\":\"en-US\"},{\"@type\":\"Organization\",\"@id\":\"https:\/\/fmc.org.ar\/#organization\",\"name\":\"fmc\",\"url\":\"https:\/\/fmc.org.ar\/\",\"logo\":{\"@type\":\"ImageObject\",\"inLanguage\":\"en-US\",\"@id\":\"https:\/\/fmc.org.ar\/#\/schema\/logo\/image\/\",\"url\":\"https:\/\/fmc.org.ar\/wp-content\/uploads\/2019\/08\/cropped-logo-05.png\",\"contentUrl\":\"https:\/\/fmc.org.ar\/wp-content\/uploads\/2019\/08\/cropped-logo-05.png\",\"width\":980,\"height\":980,\"caption\":\"fmc\"},\"image\":{\"@id\":\"https:\/\/fmc.org.ar\/#\/schema\/logo\/image\/\"}},{\"@type\":\"Person\",\"@id\":\"https:\/\/fmc.org.ar\/#\/schema\/person\/ddb4733984afcb7bcb086aeecefbd261\",\"name\":\"TINO\",\"image\":{\"@type\":\"ImageObject\",\"inLanguage\":\"en-US\",\"@id\":\"https:\/\/fmc.org.ar\/#\/schema\/person\/image\/\",\"url\":\"https:\/\/secure.gravatar.com\/avatar\/bd67917add548e53adf8776c32e54b35abeac98dbc8ce2e0600ac83980ad0a7b?s=96&d=mm&r=g\",\"contentUrl\":\"https:\/\/secure.gravatar.com\/avatar\/bd67917add548e53adf8776c32e54b35abeac98dbc8ce2e0600ac83980ad0a7b?s=96&d=mm&r=g\",\"caption\":\"TINO\"},\"url\":\"https:\/\/fmc.org.ar\/en\/author\/tino\/\"}]}<\/script>\n<!-- \/ Yoast SEO plugin. -->","yoast_head_json":{"title":"2017 - Certificaci\u00f3n Registro Nacional de Organizaciones de la Sociedad Civil - fmc","robots":{"index":"index","follow":"follow","max-snippet":"max-snippet:-1","max-image-preview":"max-image-preview:large","max-video-preview":"max-video-preview:-1"},"canonical":"https:\/\/fmc.org.ar\/en\/2019\/08\/09\/2017-certificacion-registro-nacional-de-organizaciones-de-la-sociedad-civil\/","og_locale":"en_US","og_type":"article","og_title":"2017 - Certificaci\u00f3n Registro Nacional de Organizaciones de la Sociedad Civil - fmc","og_description":"Con alegr\u00eda queremos contarles que nos encontramos inscriptos en el Registro Nacional de Organizaciones de la Sociedad Civil vinculadas a la Salud y tenemos el n\u00famero de registro 0037. Nos lleg\u00f3 la invitaci\u00f3n de la Direcci\u00f3n Nacional de Relaciones con Organizaciones de la Sociedad para poder formar parte de este nuevo registro. En Abril presentamos toda la documentaci\u00f3n requerida para [&hellip;]","og_url":"https:\/\/fmc.org.ar\/en\/2019\/08\/09\/2017-certificacion-registro-nacional-de-organizaciones-de-la-sociedad-civil\/","og_site_name":"fmc","article_published_time":"2019-08-09T05:14:48+00:00","article_modified_time":"2019-09-10T09:30:21+00:00","og_image":[{"url":"http:\/\/fmc.wwwsrc5.supercp.com\/wp-content\/uploads\/2015\/12\/Certificado-Registro-Nacion-300x213.jpg","type":"","width":"","height":""}],"author":"TINO","twitter_card":"summary_large_image","twitter_misc":{"Written by":"TINO"},"schema":{"@context":"https:\/\/schema.org","@graph":[{"@type":"Article","@id":"https:\/\/fmc.org.ar\/en\/2019\/08\/09\/2017-certificacion-registro-nacional-de-organizaciones-de-la-sociedad-civil\/#article","isPartOf":{"@id":"https:\/\/fmc.org.ar\/en\/2019\/08\/09\/2017-certificacion-registro-nacional-de-organizaciones-de-la-sociedad-civil\/"},"author":{"name":"TINO","@id":"https:\/\/fmc.org.ar\/#\/schema\/person\/ddb4733984afcb7bcb086aeecefbd261"},"headline":"2017 &#8211; Certificaci\u00f3n Registro Nacional de Organizaciones de la Sociedad Civil","datePublished":"2019-08-09T05:14:48+00:00","dateModified":"2019-09-10T09:30:21+00:00","mainEntityOfPage":{"@id":"https:\/\/fmc.org.ar\/en\/2019\/08\/09\/2017-certificacion-registro-nacional-de-organizaciones-de-la-sociedad-civil\/"},"wordCount":85,"commentCount":0,"publisher":{"@id":"https:\/\/fmc.org.ar\/#organization"},"image":{"@id":"https:\/\/fmc.org.ar\/en\/2019\/08\/09\/2017-certificacion-registro-nacional-de-organizaciones-de-la-sociedad-civil\/#primaryimage"},"thumbnailUrl":"http:\/\/fmc.wwwsrc5.supercp.com\/wp-content\/uploads\/2015\/12\/Certificado-Registro-Nacion-300x213.jpg","articleSection":["Logros"],"inLanguage":"en-US","potentialAction":[{"@type":"CommentAction","name":"Comment","target":["https:\/\/fmc.org.ar\/en\/2019\/08\/09\/2017-certificacion-registro-nacional-de-organizaciones-de-la-sociedad-civil\/#respond"]}]},{"@type":"WebPage","@id":"https:\/\/fmc.org.ar\/en\/2019\/08\/09\/2017-certificacion-registro-nacional-de-organizaciones-de-la-sociedad-civil\/","url":"https:\/\/fmc.org.ar\/en\/2019\/08\/09\/2017-certificacion-registro-nacional-de-organizaciones-de-la-sociedad-civil\/","name":"2017 - Certificaci\u00f3n Registro Nacional de Organizaciones de la Sociedad Civil - fmc","isPartOf":{"@id":"https:\/\/fmc.org.ar\/#website"},"primaryImageOfPage":{"@id":"https:\/\/fmc.org.ar\/en\/2019\/08\/09\/2017-certificacion-registro-nacional-de-organizaciones-de-la-sociedad-civil\/#primaryimage"},"image":{"@id":"https:\/\/fmc.org.ar\/en\/2019\/08\/09\/2017-certificacion-registro-nacional-de-organizaciones-de-la-sociedad-civil\/#primaryimage"},"thumbnailUrl":"http:\/\/fmc.wwwsrc5.supercp.com\/wp-content\/uploads\/2015\/12\/Certificado-Registro-Nacion-300x213.jpg","datePublished":"2019-08-09T05:14:48+00:00","dateModified":"2019-09-10T09:30:21+00:00","breadcrumb":{"@id":"https:\/\/fmc.org.ar\/en\/2019\/08\/09\/2017-certificacion-registro-nacional-de-organizaciones-de-la-sociedad-civil\/#breadcrumb"},"inLanguage":"en-US","potentialAction":[{"@type":"ReadAction","target":["https:\/\/fmc.org.ar\/en\/2019\/08\/09\/2017-certificacion-registro-nacional-de-organizaciones-de-la-sociedad-civil\/"]}]},{"@type":"ImageObject","inLanguage":"en-US","@id":"https:\/\/fmc.org.ar\/en\/2019\/08\/09\/2017-certificacion-registro-nacional-de-organizaciones-de-la-sociedad-civil\/#primaryimage","url":"http:\/\/fmc.wwwsrc5.supercp.com\/wp-content\/uploads\/2015\/12\/Certificado-Registro-Nacion-300x213.jpg","contentUrl":"http:\/\/fmc.wwwsrc5.supercp.com\/wp-content\/uploads\/2015\/12\/Certificado-Registro-Nacion-300x213.jpg"},{"@type":"BreadcrumbList","@id":"https:\/\/fmc.org.ar\/en\/2019\/08\/09\/2017-certificacion-registro-nacional-de-organizaciones-de-la-sociedad-civil\/#breadcrumb","itemListElement":[{"@type":"ListItem","position":1,"name":"Portada","item":"https:\/\/fmc.org.ar\/"},{"@type":"ListItem","position":2,"name":"2017 &#8211; Certificaci\u00f3n Registro Nacional de Organizaciones de la Sociedad Civil"}]},{"@type":"WebSite","@id":"https:\/\/fmc.org.ar\/#website","url":"https:\/\/fmc.org.ar\/","name":"fmc","description":"Comprehensive Treatment of Childhood Oncology","publisher":{"@id":"https:\/\/fmc.org.ar\/#organization"},"potentialAction":[{"@type":"SearchAction","target":{"@type":"EntryPoint","urlTemplate":"https:\/\/fmc.org.ar\/?s={search_term_string}"},"query-input":{"@type":"PropertyValueSpecification","valueRequired":true,"valueName":"search_term_string"}}],"inLanguage":"en-US"},{"@type":"Organization","@id":"https:\/\/fmc.org.ar\/#organization","name":"fmc","url":"https:\/\/fmc.org.ar\/","logo":{"@type":"ImageObject","inLanguage":"en-US","@id":"https:\/\/fmc.org.ar\/#\/schema\/logo\/image\/","url":"https:\/\/fmc.org.ar\/wp-content\/uploads\/2019\/08\/cropped-logo-05.png","contentUrl":"https:\/\/fmc.org.ar\/wp-content\/uploads\/2019\/08\/cropped-logo-05.png","width":980,"height":980,"caption":"fmc"},"image":{"@id":"https:\/\/fmc.org.ar\/#\/schema\/logo\/image\/"}},{"@type":"Person","@id":"https:\/\/fmc.org.ar\/#\/schema\/person\/ddb4733984afcb7bcb086aeecefbd261","name":"TINO","image":{"@type":"ImageObject","inLanguage":"en-US","@id":"https:\/\/fmc.org.ar\/#\/schema\/person\/image\/","url":"https:\/\/secure.gravatar.com\/avatar\/bd67917add548e53adf8776c32e54b35abeac98dbc8ce2e0600ac83980ad0a7b?s=96&d=mm&r=g","contentUrl":"https:\/\/secure.gravatar.com\/avatar\/bd67917add548e53adf8776c32e54b35abeac98dbc8ce2e0600ac83980ad0a7b?s=96&d=mm&r=g","caption":"TINO"},"url":"https:\/\/fmc.org.ar\/en\/author\/tino\/"}]}},"_links":{"self":[{"href":"https:\/\/fmc.org.ar\/en\/wp-json\/wp\/v2\/posts\/16616","targetHints":{"allow":["GET"]}}],"collection":[{"href":"https:\/\/fmc.org.ar\/en\/wp-json\/wp\/v2\/posts"}],"about":[{"href":"https:\/\/fmc.org.ar\/en\/wp-json\/wp\/v2\/types\/post"}],"author":[{"embeddable":true,"href":"https:\/\/fmc.org.ar\/en\/wp-json\/wp\/v2\/users\/3"}],"replies":[{"embeddable":true,"href":"https:\/\/fmc.org.ar\/en\/wp-json\/wp\/v2\/comments?post=16616"}],"version-history":[{"count":4,"href":"https:\/\/fmc.org.ar\/en\/wp-json\/wp\/v2\/posts\/16616\/revisions"}],"predecessor-version":[{"id":16631,"href":"https:\/\/fmc.org.ar\/en\/wp-json\/wp\/v2\/posts\/16616\/revisions\/16631"}],"wp:attachment":[{"href":"https:\/\/fmc.org.ar\/en\/wp-json\/wp\/v2\/media?parent=16616"}],"wp:term":[{"taxonomy":"category","embeddable":true,"href":"https:\/\/fmc.org.ar\/en\/wp-json\/wp\/v2\/categories?post=16616"},{"taxonomy":"post_tag","embeddable":true,"href":"https:\/\/fmc.org.ar\/en\/wp-json\/wp\/v2\/tags?post=16616"}],"curies":[{"name":"wp","href":"https:\/\/api.w.org\/{rel}","templated":true}]}}