{"id":16613,"date":"2019-08-09T07:03:56","date_gmt":"2019-08-09T05:03:56","guid":{"rendered":"http:\/\/fmc.wwwsrc5.supercp.com\/?p=16613"},"modified":"2019-09-10T11:30:24","modified_gmt":"2019-09-10T09:30:24","slug":"2017-reconocimiento-a-la-caminata-por-la-vida","status":"publish","type":"post","link":"https:\/\/fmc.org.ar\/en\/2019\/08\/09\/2017-reconocimiento-a-la-caminata-por-la-vida\/","title":{"rendered":"2017 &#8211; Reconocimiento a la &#8220;Caminata por la Vida&#8221;"},"content":{"rendered":"<h2>\u00a0Tr\u00e9bol de Plata de los Rotarios<\/h2>\n<p>La Honorable C\u00e1mara de Diputados de la Provincia de Buenos Aires declara de inter\u00e9s legislativo la &#8220;Caminata por la Vida&#8221; realizada el 15 de Febrero en el marco del &#8220;D\u00eda Internacional de la lucha contra el C\u00e1ncer Infantil&#8221;. (2017)\u00a0<span style=\"color: #000000;\"><a style=\"color: #000000;\" href=\"http:\/\/www.actualizarmiweb.com\/sites\/fmc-org-ar\/publico\/image\/Biblioteca\/comu16-17D4946.pdf\"><u><strong>AQU\u00cd<\/strong><\/u><\/a><\/span><\/p>\n<p>&nbsp;<\/p>","protected":false},"excerpt":{"rendered":"<p>\u00a0Tr\u00e9bol de Plata de los Rotarios La Honorable C\u00e1mara de Diputados de la Provincia de Buenos Aires declara de inter\u00e9s legislativo la &#8220;Caminata por la Vida&#8221; realizada el 15 de Febrero en el marco del &#8220;D\u00eda Internacional de la lucha contra el C\u00e1ncer Infantil&#8221;. (2017)\u00a0AQU\u00cd &nbsp;<\/p>","protected":false},"author":3,"featured_media":0,"comment_status":"open","ping_status":"open","sticky":false,"template":"","format":"standard","meta":{"footnotes":""},"categories":[41],"tags":[],"class_list":["post-16613","post","type-post","status-publish","format-standard","hentry","category-logros"],"yoast_head":"<!-- This site is optimized with the Yoast SEO plugin v26.4 - https:\/\/yoast.com\/wordpress\/plugins\/seo\/ -->\n<title>2017 - Reconocimiento a la &quot;Caminata por la Vida&quot; - fmc<\/title>\n<meta name=\"robots\" content=\"index, follow, max-snippet:-1, max-image-preview:large, max-video-preview:-1\" \/>\n<link rel=\"canonical\" href=\"https:\/\/fmc.org.ar\/en\/2019\/08\/09\/2017-reconocimiento-a-la-caminata-por-la-vida\/\" \/>\n<meta property=\"og:locale\" content=\"en_US\" \/>\n<meta property=\"og:type\" content=\"article\" \/>\n<meta property=\"og:title\" content=\"2017 - Reconocimiento a la &quot;Caminata por la Vida&quot; - fmc\" \/>\n<meta property=\"og:description\" content=\"\u00a0Tr\u00e9bol de Plata de los Rotarios La Honorable C\u00e1mara de Diputados de la Provincia de Buenos Aires declara de inter\u00e9s legislativo la &#8220;Caminata por la Vida&#8221; realizada el 15 de Febrero en el marco del &#8220;D\u00eda Internacional de la lucha contra el C\u00e1ncer Infantil&#8221;. (2017)\u00a0AQU\u00cd &nbsp;\" \/>\n<meta property=\"og:url\" content=\"https:\/\/fmc.org.ar\/en\/2019\/08\/09\/2017-reconocimiento-a-la-caminata-por-la-vida\/\" \/>\n<meta property=\"og:site_name\" content=\"fmc\" \/>\n<meta property=\"article:published_time\" content=\"2019-08-09T05:03:56+00:00\" \/>\n<meta property=\"article:modified_time\" content=\"2019-09-10T09:30:24+00:00\" \/>\n<meta name=\"author\" content=\"TINO\" \/>\n<meta name=\"twitter:card\" content=\"summary_large_image\" \/>\n<meta name=\"twitter:label1\" content=\"Written by\" \/>\n\t<meta name=\"twitter:data1\" content=\"TINO\" \/>\n<script type=\"application\/ld+json\" class=\"yoast-schema-graph\">{\"@context\":\"https:\/\/schema.org\",\"@graph\":[{\"@type\":\"Article\",\"@id\":\"https:\/\/fmc.org.ar\/en\/2019\/08\/09\/2017-reconocimiento-a-la-caminata-por-la-vida\/#article\",\"isPartOf\":{\"@id\":\"https:\/\/fmc.org.ar\/en\/2019\/08\/09\/2017-reconocimiento-a-la-caminata-por-la-vida\/\"},\"author\":{\"name\":\"TINO\",\"@id\":\"https:\/\/fmc.org.ar\/#\/schema\/person\/ddb4733984afcb7bcb086aeecefbd261\"},\"headline\":\"2017 &#8211; Reconocimiento a la &#8220;Caminata por la Vida&#8221;\",\"datePublished\":\"2019-08-09T05:03:56+00:00\",\"dateModified\":\"2019-09-10T09:30:24+00:00\",\"mainEntityOfPage\":{\"@id\":\"https:\/\/fmc.org.ar\/en\/2019\/08\/09\/2017-reconocimiento-a-la-caminata-por-la-vida\/\"},\"wordCount\":58,\"commentCount\":0,\"publisher\":{\"@id\":\"https:\/\/fmc.org.ar\/#organization\"},\"articleSection\":[\"Logros\"],\"inLanguage\":\"en-US\",\"potentialAction\":[{\"@type\":\"CommentAction\",\"name\":\"Comment\",\"target\":[\"https:\/\/fmc.org.ar\/en\/2019\/08\/09\/2017-reconocimiento-a-la-caminata-por-la-vida\/#respond\"]}]},{\"@type\":\"WebPage\",\"@id\":\"https:\/\/fmc.org.ar\/en\/2019\/08\/09\/2017-reconocimiento-a-la-caminata-por-la-vida\/\",\"url\":\"https:\/\/fmc.org.ar\/en\/2019\/08\/09\/2017-reconocimiento-a-la-caminata-por-la-vida\/\",\"name\":\"2017 - Reconocimiento a la \\\"Caminata por la Vida\\\" - fmc\",\"isPartOf\":{\"@id\":\"https:\/\/fmc.org.ar\/#website\"},\"datePublished\":\"2019-08-09T05:03:56+00:00\",\"dateModified\":\"2019-09-10T09:30:24+00:00\",\"breadcrumb\":{\"@id\":\"https:\/\/fmc.org.ar\/en\/2019\/08\/09\/2017-reconocimiento-a-la-caminata-por-la-vida\/#breadcrumb\"},\"inLanguage\":\"en-US\",\"potentialAction\":[{\"@type\":\"ReadAction\",\"target\":[\"https:\/\/fmc.org.ar\/en\/2019\/08\/09\/2017-reconocimiento-a-la-caminata-por-la-vida\/\"]}]},{\"@type\":\"BreadcrumbList\",\"@id\":\"https:\/\/fmc.org.ar\/en\/2019\/08\/09\/2017-reconocimiento-a-la-caminata-por-la-vida\/#breadcrumb\",\"itemListElement\":[{\"@type\":\"ListItem\",\"position\":1,\"name\":\"Portada\",\"item\":\"https:\/\/fmc.org.ar\/\"},{\"@type\":\"ListItem\",\"position\":2,\"name\":\"2017 &#8211; Reconocimiento a la &#8220;Caminata por la Vida&#8221;\"}]},{\"@type\":\"WebSite\",\"@id\":\"https:\/\/fmc.org.ar\/#website\",\"url\":\"https:\/\/fmc.org.ar\/\",\"name\":\"fmc\",\"description\":\"Tratamiento Integral del Ni\u00f1o Oncol\u00f3gico\",\"publisher\":{\"@id\":\"https:\/\/fmc.org.ar\/#organization\"},\"potentialAction\":[{\"@type\":\"SearchAction\",\"target\":{\"@type\":\"EntryPoint\",\"urlTemplate\":\"https:\/\/fmc.org.ar\/?s={search_term_string}\"},\"query-input\":{\"@type\":\"PropertyValueSpecification\",\"valueRequired\":true,\"valueName\":\"search_term_string\"}}],\"inLanguage\":\"en-US\"},{\"@type\":\"Organization\",\"@id\":\"https:\/\/fmc.org.ar\/#organization\",\"name\":\"fmc\",\"url\":\"https:\/\/fmc.org.ar\/\",\"logo\":{\"@type\":\"ImageObject\",\"inLanguage\":\"en-US\",\"@id\":\"https:\/\/fmc.org.ar\/#\/schema\/logo\/image\/\",\"url\":\"https:\/\/fmc.org.ar\/wp-content\/uploads\/2019\/08\/cropped-logo-05.png\",\"contentUrl\":\"https:\/\/fmc.org.ar\/wp-content\/uploads\/2019\/08\/cropped-logo-05.png\",\"width\":980,\"height\":980,\"caption\":\"fmc\"},\"image\":{\"@id\":\"https:\/\/fmc.org.ar\/#\/schema\/logo\/image\/\"}},{\"@type\":\"Person\",\"@id\":\"https:\/\/fmc.org.ar\/#\/schema\/person\/ddb4733984afcb7bcb086aeecefbd261\",\"name\":\"TINO\",\"image\":{\"@type\":\"ImageObject\",\"inLanguage\":\"en-US\",\"@id\":\"https:\/\/fmc.org.ar\/#\/schema\/person\/image\/\",\"url\":\"https:\/\/secure.gravatar.com\/avatar\/bd67917add548e53adf8776c32e54b35abeac98dbc8ce2e0600ac83980ad0a7b?s=96&d=mm&r=g\",\"contentUrl\":\"https:\/\/secure.gravatar.com\/avatar\/bd67917add548e53adf8776c32e54b35abeac98dbc8ce2e0600ac83980ad0a7b?s=96&d=mm&r=g\",\"caption\":\"TINO\"},\"url\":\"https:\/\/fmc.org.ar\/en\/author\/tino\/\"}]}<\/script>\n<!-- \/ Yoast SEO plugin. -->","yoast_head_json":{"title":"2017 - Reconocimiento a la \"Caminata por la Vida\" - fmc","robots":{"index":"index","follow":"follow","max-snippet":"max-snippet:-1","max-image-preview":"max-image-preview:large","max-video-preview":"max-video-preview:-1"},"canonical":"https:\/\/fmc.org.ar\/en\/2019\/08\/09\/2017-reconocimiento-a-la-caminata-por-la-vida\/","og_locale":"en_US","og_type":"article","og_title":"2017 - Reconocimiento a la \"Caminata por la Vida\" - fmc","og_description":"\u00a0Tr\u00e9bol de Plata de los Rotarios La Honorable C\u00e1mara de Diputados de la Provincia de Buenos Aires declara de inter\u00e9s legislativo la &#8220;Caminata por la Vida&#8221; realizada el 15 de Febrero en el marco del &#8220;D\u00eda Internacional de la lucha contra el C\u00e1ncer Infantil&#8221;. (2017)\u00a0AQU\u00cd &nbsp;","og_url":"https:\/\/fmc.org.ar\/en\/2019\/08\/09\/2017-reconocimiento-a-la-caminata-por-la-vida\/","og_site_name":"fmc","article_published_time":"2019-08-09T05:03:56+00:00","article_modified_time":"2019-09-10T09:30:24+00:00","author":"TINO","twitter_card":"summary_large_image","twitter_misc":{"Written by":"TINO"},"schema":{"@context":"https:\/\/schema.org","@graph":[{"@type":"Article","@id":"https:\/\/fmc.org.ar\/en\/2019\/08\/09\/2017-reconocimiento-a-la-caminata-por-la-vida\/#article","isPartOf":{"@id":"https:\/\/fmc.org.ar\/en\/2019\/08\/09\/2017-reconocimiento-a-la-caminata-por-la-vida\/"},"author":{"name":"TINO","@id":"https:\/\/fmc.org.ar\/#\/schema\/person\/ddb4733984afcb7bcb086aeecefbd261"},"headline":"2017 &#8211; Reconocimiento a la &#8220;Caminata por la Vida&#8221;","datePublished":"2019-08-09T05:03:56+00:00","dateModified":"2019-09-10T09:30:24+00:00","mainEntityOfPage":{"@id":"https:\/\/fmc.org.ar\/en\/2019\/08\/09\/2017-reconocimiento-a-la-caminata-por-la-vida\/"},"wordCount":58,"commentCount":0,"publisher":{"@id":"https:\/\/fmc.org.ar\/#organization"},"articleSection":["Logros"],"inLanguage":"en-US","potentialAction":[{"@type":"CommentAction","name":"Comment","target":["https:\/\/fmc.org.ar\/en\/2019\/08\/09\/2017-reconocimiento-a-la-caminata-por-la-vida\/#respond"]}]},{"@type":"WebPage","@id":"https:\/\/fmc.org.ar\/en\/2019\/08\/09\/2017-reconocimiento-a-la-caminata-por-la-vida\/","url":"https:\/\/fmc.org.ar\/en\/2019\/08\/09\/2017-reconocimiento-a-la-caminata-por-la-vida\/","name":"2017 - Reconocimiento a la \"Caminata por la Vida\" - fmc","isPartOf":{"@id":"https:\/\/fmc.org.ar\/#website"},"datePublished":"2019-08-09T05:03:56+00:00","dateModified":"2019-09-10T09:30:24+00:00","breadcrumb":{"@id":"https:\/\/fmc.org.ar\/en\/2019\/08\/09\/2017-reconocimiento-a-la-caminata-por-la-vida\/#breadcrumb"},"inLanguage":"en-US","potentialAction":[{"@type":"ReadAction","target":["https:\/\/fmc.org.ar\/en\/2019\/08\/09\/2017-reconocimiento-a-la-caminata-por-la-vida\/"]}]},{"@type":"BreadcrumbList","@id":"https:\/\/fmc.org.ar\/en\/2019\/08\/09\/2017-reconocimiento-a-la-caminata-por-la-vida\/#breadcrumb","itemListElement":[{"@type":"ListItem","position":1,"name":"Portada","item":"https:\/\/fmc.org.ar\/"},{"@type":"ListItem","position":2,"name":"2017 &#8211; Reconocimiento a la &#8220;Caminata por la Vida&#8221;"}]},{"@type":"WebSite","@id":"https:\/\/fmc.org.ar\/#website","url":"https:\/\/fmc.org.ar\/","name":"fmc","description":"Comprehensive Treatment of Childhood Oncology","publisher":{"@id":"https:\/\/fmc.org.ar\/#organization"},"potentialAction":[{"@type":"SearchAction","target":{"@type":"EntryPoint","urlTemplate":"https:\/\/fmc.org.ar\/?s={search_term_string}"},"query-input":{"@type":"PropertyValueSpecification","valueRequired":true,"valueName":"search_term_string"}}],"inLanguage":"en-US"},{"@type":"Organization","@id":"https:\/\/fmc.org.ar\/#organization","name":"fmc","url":"https:\/\/fmc.org.ar\/","logo":{"@type":"ImageObject","inLanguage":"en-US","@id":"https:\/\/fmc.org.ar\/#\/schema\/logo\/image\/","url":"https:\/\/fmc.org.ar\/wp-content\/uploads\/2019\/08\/cropped-logo-05.png","contentUrl":"https:\/\/fmc.org.ar\/wp-content\/uploads\/2019\/08\/cropped-logo-05.png","width":980,"height":980,"caption":"fmc"},"image":{"@id":"https:\/\/fmc.org.ar\/#\/schema\/logo\/image\/"}},{"@type":"Person","@id":"https:\/\/fmc.org.ar\/#\/schema\/person\/ddb4733984afcb7bcb086aeecefbd261","name":"TINO","image":{"@type":"ImageObject","inLanguage":"en-US","@id":"https:\/\/fmc.org.ar\/#\/schema\/person\/image\/","url":"https:\/\/secure.gravatar.com\/avatar\/bd67917add548e53adf8776c32e54b35abeac98dbc8ce2e0600ac83980ad0a7b?s=96&d=mm&r=g","contentUrl":"https:\/\/secure.gravatar.com\/avatar\/bd67917add548e53adf8776c32e54b35abeac98dbc8ce2e0600ac83980ad0a7b?s=96&d=mm&r=g","caption":"TINO"},"url":"https:\/\/fmc.org.ar\/en\/author\/tino\/"}]}},"_links":{"self":[{"href":"https:\/\/fmc.org.ar\/en\/wp-json\/wp\/v2\/posts\/16613","targetHints":{"allow":["GET"]}}],"collection":[{"href":"https:\/\/fmc.org.ar\/en\/wp-json\/wp\/v2\/posts"}],"about":[{"href":"https:\/\/fmc.org.ar\/en\/wp-json\/wp\/v2\/types\/post"}],"author":[{"embeddable":true,"href":"https:\/\/fmc.org.ar\/en\/wp-json\/wp\/v2\/users\/3"}],"replies":[{"embeddable":true,"href":"https:\/\/fmc.org.ar\/en\/wp-json\/wp\/v2\/comments?post=16613"}],"version-history":[{"count":2,"href":"https:\/\/fmc.org.ar\/en\/wp-json\/wp\/v2\/posts\/16613\/revisions"}],"predecessor-version":[{"id":17137,"href":"https:\/\/fmc.org.ar\/en\/wp-json\/wp\/v2\/posts\/16613\/revisions\/17137"}],"wp:attachment":[{"href":"https:\/\/fmc.org.ar\/en\/wp-json\/wp\/v2\/media?parent=16613"}],"wp:term":[{"taxonomy":"category","embeddable":true,"href":"https:\/\/fmc.org.ar\/en\/wp-json\/wp\/v2\/categories?post=16613"},{"taxonomy":"post_tag","embeddable":true,"href":"https:\/\/fmc.org.ar\/en\/wp-json\/wp\/v2\/tags?post=16613"}],"curies":[{"name":"wp","href":"https:\/\/api.w.org\/{rel}","templated":true}]}}