{"id":16588,"date":"2019-08-09T06:36:57","date_gmt":"2019-08-09T04:36:57","guid":{"rendered":"http:\/\/fmc.wwwsrc5.supercp.com\/?p=16588"},"modified":"2019-09-10T11:30:54","modified_gmt":"2019-09-10T09:30:54","slug":"2008-declarada-de-interes-legislativo","status":"publish","type":"post","link":"https:\/\/fmc.org.ar\/en\/2019\/08\/09\/2008-declarada-de-interes-legislativo\/","title":{"rendered":"2008 &#8211; Declarada de inter\u00e9s legislativo"},"content":{"rendered":"<h2>Declarada de Inter\u00e9s Legislativo<\/h2>\n<p>Declarada de\u00a0inter\u00e9s legislativo el d\u00eda 22 de octubre de 2008 comunicado con fecha 23 de diciembre de 2008 por la Honorable C\u00e1mara de Diputados de la provincia de Buenos Aires. Se pueden ver el proyecto y las resoluciones <strong><span style=\"color: #000000;\"><a style=\"color: #000000;\" href=\"http:\/\/www.actualizarmiweb.com\/sites\/fmc-org-ar\/publico\/files\/Proyecto-Resolucion-D2734.pdf\">aqu\u00ed<\/a><\/span><\/strong>.<\/p>\n<p>&nbsp;<\/p>","protected":false},"excerpt":{"rendered":"<p>Declarada de Inter\u00e9s Legislativo Declarada de\u00a0inter\u00e9s legislativo el d\u00eda 22 de octubre de 2008 comunicado con fecha 23 de diciembre de 2008 por la Honorable C\u00e1mara de Diputados de la provincia de Buenos Aires. Se pueden ver el proyecto y las resoluciones aqu\u00ed. &nbsp;<\/p>","protected":false},"author":3,"featured_media":0,"comment_status":"open","ping_status":"open","sticky":false,"template":"","format":"standard","meta":{"footnotes":""},"categories":[41],"tags":[],"class_list":["post-16588","post","type-post","status-publish","format-standard","hentry","category-logros"],"yoast_head":"<!-- This site is optimized with the Yoast SEO plugin v26.4 - https:\/\/yoast.com\/wordpress\/plugins\/seo\/ -->\n<title>2008 - Declarada de inter\u00e9s legislativo - fmc<\/title>\n<meta name=\"robots\" content=\"index, follow, max-snippet:-1, max-image-preview:large, max-video-preview:-1\" \/>\n<link rel=\"canonical\" href=\"https:\/\/fmc.org.ar\/en\/2019\/08\/09\/2008-declarada-de-interes-legislativo\/\" \/>\n<meta property=\"og:locale\" content=\"en_US\" \/>\n<meta property=\"og:type\" content=\"article\" \/>\n<meta property=\"og:title\" content=\"2008 - Declarada de inter\u00e9s legislativo - fmc\" \/>\n<meta property=\"og:description\" content=\"Declarada de Inter\u00e9s Legislativo Declarada de\u00a0inter\u00e9s legislativo el d\u00eda 22 de octubre de 2008 comunicado con fecha 23 de diciembre de 2008 por la Honorable C\u00e1mara de Diputados de la provincia de Buenos Aires. Se pueden ver el proyecto y las resoluciones aqu\u00ed. &nbsp;\" \/>\n<meta property=\"og:url\" content=\"https:\/\/fmc.org.ar\/en\/2019\/08\/09\/2008-declarada-de-interes-legislativo\/\" \/>\n<meta property=\"og:site_name\" content=\"fmc\" \/>\n<meta property=\"article:published_time\" content=\"2019-08-09T04:36:57+00:00\" \/>\n<meta property=\"article:modified_time\" content=\"2019-09-10T09:30:54+00:00\" \/>\n<meta name=\"author\" content=\"TINO\" \/>\n<meta name=\"twitter:card\" content=\"summary_large_image\" \/>\n<meta name=\"twitter:label1\" content=\"Written by\" \/>\n\t<meta name=\"twitter:data1\" content=\"TINO\" \/>\n<script type=\"application\/ld+json\" class=\"yoast-schema-graph\">{\"@context\":\"https:\/\/schema.org\",\"@graph\":[{\"@type\":\"Article\",\"@id\":\"https:\/\/fmc.org.ar\/en\/2019\/08\/09\/2008-declarada-de-interes-legislativo\/#article\",\"isPartOf\":{\"@id\":\"https:\/\/fmc.org.ar\/en\/2019\/08\/09\/2008-declarada-de-interes-legislativo\/\"},\"author\":{\"name\":\"TINO\",\"@id\":\"https:\/\/fmc.org.ar\/#\/schema\/person\/ddb4733984afcb7bcb086aeecefbd261\"},\"headline\":\"2008 &#8211; Declarada de inter\u00e9s legislativo\",\"datePublished\":\"2019-08-09T04:36:57+00:00\",\"dateModified\":\"2019-09-10T09:30:54+00:00\",\"mainEntityOfPage\":{\"@id\":\"https:\/\/fmc.org.ar\/en\/2019\/08\/09\/2008-declarada-de-interes-legislativo\/\"},\"wordCount\":51,\"commentCount\":0,\"publisher\":{\"@id\":\"https:\/\/fmc.org.ar\/#organization\"},\"articleSection\":[\"Logros\"],\"inLanguage\":\"en-US\",\"potentialAction\":[{\"@type\":\"CommentAction\",\"name\":\"Comment\",\"target\":[\"https:\/\/fmc.org.ar\/en\/2019\/08\/09\/2008-declarada-de-interes-legislativo\/#respond\"]}]},{\"@type\":\"WebPage\",\"@id\":\"https:\/\/fmc.org.ar\/en\/2019\/08\/09\/2008-declarada-de-interes-legislativo\/\",\"url\":\"https:\/\/fmc.org.ar\/en\/2019\/08\/09\/2008-declarada-de-interes-legislativo\/\",\"name\":\"2008 - Declarada de inter\u00e9s legislativo - fmc\",\"isPartOf\":{\"@id\":\"https:\/\/fmc.org.ar\/#website\"},\"datePublished\":\"2019-08-09T04:36:57+00:00\",\"dateModified\":\"2019-09-10T09:30:54+00:00\",\"breadcrumb\":{\"@id\":\"https:\/\/fmc.org.ar\/en\/2019\/08\/09\/2008-declarada-de-interes-legislativo\/#breadcrumb\"},\"inLanguage\":\"en-US\",\"potentialAction\":[{\"@type\":\"ReadAction\",\"target\":[\"https:\/\/fmc.org.ar\/en\/2019\/08\/09\/2008-declarada-de-interes-legislativo\/\"]}]},{\"@type\":\"BreadcrumbList\",\"@id\":\"https:\/\/fmc.org.ar\/en\/2019\/08\/09\/2008-declarada-de-interes-legislativo\/#breadcrumb\",\"itemListElement\":[{\"@type\":\"ListItem\",\"position\":1,\"name\":\"Portada\",\"item\":\"https:\/\/fmc.org.ar\/\"},{\"@type\":\"ListItem\",\"position\":2,\"name\":\"2008 &#8211; Declarada de inter\u00e9s legislativo\"}]},{\"@type\":\"WebSite\",\"@id\":\"https:\/\/fmc.org.ar\/#website\",\"url\":\"https:\/\/fmc.org.ar\/\",\"name\":\"fmc\",\"description\":\"Tratamiento Integral del Ni\u00f1o Oncol\u00f3gico\",\"publisher\":{\"@id\":\"https:\/\/fmc.org.ar\/#organization\"},\"potentialAction\":[{\"@type\":\"SearchAction\",\"target\":{\"@type\":\"EntryPoint\",\"urlTemplate\":\"https:\/\/fmc.org.ar\/?s={search_term_string}\"},\"query-input\":{\"@type\":\"PropertyValueSpecification\",\"valueRequired\":true,\"valueName\":\"search_term_string\"}}],\"inLanguage\":\"en-US\"},{\"@type\":\"Organization\",\"@id\":\"https:\/\/fmc.org.ar\/#organization\",\"name\":\"fmc\",\"url\":\"https:\/\/fmc.org.ar\/\",\"logo\":{\"@type\":\"ImageObject\",\"inLanguage\":\"en-US\",\"@id\":\"https:\/\/fmc.org.ar\/#\/schema\/logo\/image\/\",\"url\":\"https:\/\/fmc.org.ar\/wp-content\/uploads\/2019\/08\/cropped-logo-05.png\",\"contentUrl\":\"https:\/\/fmc.org.ar\/wp-content\/uploads\/2019\/08\/cropped-logo-05.png\",\"width\":980,\"height\":980,\"caption\":\"fmc\"},\"image\":{\"@id\":\"https:\/\/fmc.org.ar\/#\/schema\/logo\/image\/\"}},{\"@type\":\"Person\",\"@id\":\"https:\/\/fmc.org.ar\/#\/schema\/person\/ddb4733984afcb7bcb086aeecefbd261\",\"name\":\"TINO\",\"image\":{\"@type\":\"ImageObject\",\"inLanguage\":\"en-US\",\"@id\":\"https:\/\/fmc.org.ar\/#\/schema\/person\/image\/\",\"url\":\"https:\/\/secure.gravatar.com\/avatar\/bd67917add548e53adf8776c32e54b35abeac98dbc8ce2e0600ac83980ad0a7b?s=96&d=mm&r=g\",\"contentUrl\":\"https:\/\/secure.gravatar.com\/avatar\/bd67917add548e53adf8776c32e54b35abeac98dbc8ce2e0600ac83980ad0a7b?s=96&d=mm&r=g\",\"caption\":\"TINO\"},\"url\":\"https:\/\/fmc.org.ar\/en\/author\/tino\/\"}]}<\/script>\n<!-- \/ Yoast SEO plugin. -->","yoast_head_json":{"title":"2008 - Declarada de inter\u00e9s legislativo - fmc","robots":{"index":"index","follow":"follow","max-snippet":"max-snippet:-1","max-image-preview":"max-image-preview:large","max-video-preview":"max-video-preview:-1"},"canonical":"https:\/\/fmc.org.ar\/en\/2019\/08\/09\/2008-declarada-de-interes-legislativo\/","og_locale":"en_US","og_type":"article","og_title":"2008 - Declarada de inter\u00e9s legislativo - fmc","og_description":"Declarada de Inter\u00e9s Legislativo Declarada de\u00a0inter\u00e9s legislativo el d\u00eda 22 de octubre de 2008 comunicado con fecha 23 de diciembre de 2008 por la Honorable C\u00e1mara de Diputados de la provincia de Buenos Aires. Se pueden ver el proyecto y las resoluciones aqu\u00ed. &nbsp;","og_url":"https:\/\/fmc.org.ar\/en\/2019\/08\/09\/2008-declarada-de-interes-legislativo\/","og_site_name":"fmc","article_published_time":"2019-08-09T04:36:57+00:00","article_modified_time":"2019-09-10T09:30:54+00:00","author":"TINO","twitter_card":"summary_large_image","twitter_misc":{"Written by":"TINO"},"schema":{"@context":"https:\/\/schema.org","@graph":[{"@type":"Article","@id":"https:\/\/fmc.org.ar\/en\/2019\/08\/09\/2008-declarada-de-interes-legislativo\/#article","isPartOf":{"@id":"https:\/\/fmc.org.ar\/en\/2019\/08\/09\/2008-declarada-de-interes-legislativo\/"},"author":{"name":"TINO","@id":"https:\/\/fmc.org.ar\/#\/schema\/person\/ddb4733984afcb7bcb086aeecefbd261"},"headline":"2008 &#8211; Declarada de inter\u00e9s legislativo","datePublished":"2019-08-09T04:36:57+00:00","dateModified":"2019-09-10T09:30:54+00:00","mainEntityOfPage":{"@id":"https:\/\/fmc.org.ar\/en\/2019\/08\/09\/2008-declarada-de-interes-legislativo\/"},"wordCount":51,"commentCount":0,"publisher":{"@id":"https:\/\/fmc.org.ar\/#organization"},"articleSection":["Logros"],"inLanguage":"en-US","potentialAction":[{"@type":"CommentAction","name":"Comment","target":["https:\/\/fmc.org.ar\/en\/2019\/08\/09\/2008-declarada-de-interes-legislativo\/#respond"]}]},{"@type":"WebPage","@id":"https:\/\/fmc.org.ar\/en\/2019\/08\/09\/2008-declarada-de-interes-legislativo\/","url":"https:\/\/fmc.org.ar\/en\/2019\/08\/09\/2008-declarada-de-interes-legislativo\/","name":"2008 - Declarada de inter\u00e9s legislativo - fmc","isPartOf":{"@id":"https:\/\/fmc.org.ar\/#website"},"datePublished":"2019-08-09T04:36:57+00:00","dateModified":"2019-09-10T09:30:54+00:00","breadcrumb":{"@id":"https:\/\/fmc.org.ar\/en\/2019\/08\/09\/2008-declarada-de-interes-legislativo\/#breadcrumb"},"inLanguage":"en-US","potentialAction":[{"@type":"ReadAction","target":["https:\/\/fmc.org.ar\/en\/2019\/08\/09\/2008-declarada-de-interes-legislativo\/"]}]},{"@type":"BreadcrumbList","@id":"https:\/\/fmc.org.ar\/en\/2019\/08\/09\/2008-declarada-de-interes-legislativo\/#breadcrumb","itemListElement":[{"@type":"ListItem","position":1,"name":"Portada","item":"https:\/\/fmc.org.ar\/"},{"@type":"ListItem","position":2,"name":"2008 &#8211; Declarada de inter\u00e9s legislativo"}]},{"@type":"WebSite","@id":"https:\/\/fmc.org.ar\/#website","url":"https:\/\/fmc.org.ar\/","name":"fmc","description":"Comprehensive Treatment of Childhood Oncology","publisher":{"@id":"https:\/\/fmc.org.ar\/#organization"},"potentialAction":[{"@type":"SearchAction","target":{"@type":"EntryPoint","urlTemplate":"https:\/\/fmc.org.ar\/?s={search_term_string}"},"query-input":{"@type":"PropertyValueSpecification","valueRequired":true,"valueName":"search_term_string"}}],"inLanguage":"en-US"},{"@type":"Organization","@id":"https:\/\/fmc.org.ar\/#organization","name":"fmc","url":"https:\/\/fmc.org.ar\/","logo":{"@type":"ImageObject","inLanguage":"en-US","@id":"https:\/\/fmc.org.ar\/#\/schema\/logo\/image\/","url":"https:\/\/fmc.org.ar\/wp-content\/uploads\/2019\/08\/cropped-logo-05.png","contentUrl":"https:\/\/fmc.org.ar\/wp-content\/uploads\/2019\/08\/cropped-logo-05.png","width":980,"height":980,"caption":"fmc"},"image":{"@id":"https:\/\/fmc.org.ar\/#\/schema\/logo\/image\/"}},{"@type":"Person","@id":"https:\/\/fmc.org.ar\/#\/schema\/person\/ddb4733984afcb7bcb086aeecefbd261","name":"TINO","image":{"@type":"ImageObject","inLanguage":"en-US","@id":"https:\/\/fmc.org.ar\/#\/schema\/person\/image\/","url":"https:\/\/secure.gravatar.com\/avatar\/bd67917add548e53adf8776c32e54b35abeac98dbc8ce2e0600ac83980ad0a7b?s=96&d=mm&r=g","contentUrl":"https:\/\/secure.gravatar.com\/avatar\/bd67917add548e53adf8776c32e54b35abeac98dbc8ce2e0600ac83980ad0a7b?s=96&d=mm&r=g","caption":"TINO"},"url":"https:\/\/fmc.org.ar\/en\/author\/tino\/"}]}},"_links":{"self":[{"href":"https:\/\/fmc.org.ar\/en\/wp-json\/wp\/v2\/posts\/16588","targetHints":{"allow":["GET"]}}],"collection":[{"href":"https:\/\/fmc.org.ar\/en\/wp-json\/wp\/v2\/posts"}],"about":[{"href":"https:\/\/fmc.org.ar\/en\/wp-json\/wp\/v2\/types\/post"}],"author":[{"embeddable":true,"href":"https:\/\/fmc.org.ar\/en\/wp-json\/wp\/v2\/users\/3"}],"replies":[{"embeddable":true,"href":"https:\/\/fmc.org.ar\/en\/wp-json\/wp\/v2\/comments?post=16588"}],"version-history":[{"count":6,"href":"https:\/\/fmc.org.ar\/en\/wp-json\/wp\/v2\/posts\/16588\/revisions"}],"predecessor-version":[{"id":17044,"href":"https:\/\/fmc.org.ar\/en\/wp-json\/wp\/v2\/posts\/16588\/revisions\/17044"}],"wp:attachment":[{"href":"https:\/\/fmc.org.ar\/en\/wp-json\/wp\/v2\/media?parent=16588"}],"wp:term":[{"taxonomy":"category","embeddable":true,"href":"https:\/\/fmc.org.ar\/en\/wp-json\/wp\/v2\/categories?post=16588"},{"taxonomy":"post_tag","embeddable":true,"href":"https:\/\/fmc.org.ar\/en\/wp-json\/wp\/v2\/tags?post=16588"}],"curies":[{"name":"wp","href":"https:\/\/api.w.org\/{rel}","templated":true}]}}