{"id":16555,"date":"2018-02-15T15:00:24","date_gmt":"2018-02-15T14:00:24","guid":{"rendered":"http:\/\/fmc.wwwsrc5.supercp.com\/?p=16555"},"modified":"2019-09-10T11:33:16","modified_gmt":"2019-09-10T09:33:16","slug":"dici-con-el-hospital-aleman","status":"publish","type":"post","link":"https:\/\/fmc.org.ar\/en\/2018\/02\/15\/dici-con-el-hospital-aleman\/","title":{"rendered":"D\u00eda Internacional del C\u00e1ncer Infantil con el Hospital Alem\u00e1n"},"content":{"rendered":"<p>Por primera vez, compartimos un servicio en conjunto con el Hospital Alem\u00e1n. Fue una tarde de juegos y merienda donde los 65 ni\u00f1os que participaron, se divirtieron y jugaron a pleno. Tambi\u00e9n nos acompa\u00f1aron los Alegra\u00f1atas, dando un toque de magia a las actividades que realizamos.<\/p>\n<p>Festejamos el D\u00eda del C\u00e1ncer Infantil junto al Hospital Alem\u00e1n. Tuvimos un viaje muy divertido en micro donde cantamos canciones y nos re\u00edmos todo el tiempo; vivenciamos un cuento m\u00e1gico de la mano de nuestra Titiritera Mariel, pintamos obras de arte, hicimos enormes burbujas de jab\u00f3n y disfrutamos de un riqu\u00edsimo almuerzo. Y cerramos el festejo soltando un mont\u00f3n de globos dorados que celebraron la vida desde la Avenida Pueyrred\u00f3n<\/p>\n<p>&nbsp;<\/p>\n<p>&nbsp;<\/p>","protected":false},"excerpt":{"rendered":"<p>Por primera vez, compartimos un servicio en conjunto con el Hospital Alem\u00e1n. Fue una tarde de juegos y merienda donde los 65 ni\u00f1os que participaron, se divirtieron y jugaron a pleno. Tambi\u00e9n nos acompa\u00f1aron los Alegra\u00f1atas, dando un toque de magia a las actividades que realizamos. Festejamos el D\u00eda del C\u00e1ncer Infantil junto al Hospital Alem\u00e1n. Tuvimos un viaje muy [&hellip;]<\/p>","protected":false},"author":3,"featured_media":16556,"comment_status":"open","ping_status":"open","sticky":false,"template":"","format":"standard","meta":{"footnotes":""},"categories":[34],"tags":[],"class_list":["post-16555","post","type-post","status-publish","format-standard","has-post-thumbnail","hentry","category-eventos"],"yoast_head":"<!-- This site is optimized with the Yoast SEO plugin v26.4 - https:\/\/yoast.com\/wordpress\/plugins\/seo\/ -->\n<title>D\u00eda Internacional del C\u00e1ncer Infantil con el Hospital Alem\u00e1n - fmc<\/title>\n<meta name=\"robots\" content=\"index, follow, max-snippet:-1, max-image-preview:large, max-video-preview:-1\" \/>\n<link rel=\"canonical\" href=\"https:\/\/fmc.org.ar\/en\/2018\/02\/15\/dici-con-el-hospital-aleman\/\" \/>\n<meta property=\"og:locale\" content=\"en_US\" \/>\n<meta property=\"og:type\" content=\"article\" \/>\n<meta property=\"og:title\" content=\"D\u00eda Internacional del C\u00e1ncer Infantil con el Hospital Alem\u00e1n - fmc\" \/>\n<meta property=\"og:description\" content=\"Por primera vez, compartimos un servicio en conjunto con el Hospital Alem\u00e1n. Fue una tarde de juegos y merienda donde los 65 ni\u00f1os que participaron, se divirtieron y jugaron a pleno. Tambi\u00e9n nos acompa\u00f1aron los Alegra\u00f1atas, dando un toque de magia a las actividades que realizamos. Festejamos el D\u00eda del C\u00e1ncer Infantil junto al Hospital Alem\u00e1n. Tuvimos un viaje muy [&hellip;]\" \/>\n<meta property=\"og:url\" content=\"https:\/\/fmc.org.ar\/en\/2018\/02\/15\/dici-con-el-hospital-aleman\/\" \/>\n<meta property=\"og:site_name\" content=\"fmc\" \/>\n<meta property=\"article:published_time\" content=\"2018-02-15T14:00:24+00:00\" \/>\n<meta property=\"article:modified_time\" content=\"2019-09-10T09:33:16+00:00\" \/>\n<meta property=\"og:image\" content=\"https:\/\/fmc.org.ar\/wp-content\/uploads\/2019\/08\/DICI2017.jpg\" \/>\n\t<meta property=\"og:image:width\" content=\"960\" \/>\n\t<meta property=\"og:image:height\" content=\"640\" \/>\n\t<meta property=\"og:image:type\" content=\"image\/jpeg\" \/>\n<meta name=\"author\" content=\"TINO\" \/>\n<meta name=\"twitter:card\" content=\"summary_large_image\" \/>\n<meta name=\"twitter:label1\" content=\"Written by\" \/>\n\t<meta name=\"twitter:data1\" content=\"TINO\" \/>\n\t<meta name=\"twitter:label2\" content=\"Est. reading time\" \/>\n\t<meta name=\"twitter:data2\" content=\"1 minute\" \/>\n<script type=\"application\/ld+json\" class=\"yoast-schema-graph\">{\"@context\":\"https:\/\/schema.org\",\"@graph\":[{\"@type\":\"Article\",\"@id\":\"https:\/\/fmc.org.ar\/en\/2018\/02\/15\/dici-con-el-hospital-aleman\/#article\",\"isPartOf\":{\"@id\":\"https:\/\/fmc.org.ar\/en\/2018\/02\/15\/dici-con-el-hospital-aleman\/\"},\"author\":{\"name\":\"TINO\",\"@id\":\"https:\/\/fmc.org.ar\/#\/schema\/person\/ddb4733984afcb7bcb086aeecefbd261\"},\"headline\":\"D\u00eda Internacional del C\u00e1ncer Infantil con el Hospital Alem\u00e1n\",\"datePublished\":\"2018-02-15T14:00:24+00:00\",\"dateModified\":\"2019-09-10T09:33:16+00:00\",\"mainEntityOfPage\":{\"@id\":\"https:\/\/fmc.org.ar\/en\/2018\/02\/15\/dici-con-el-hospital-aleman\/\"},\"wordCount\":143,\"commentCount\":0,\"publisher\":{\"@id\":\"https:\/\/fmc.org.ar\/#organization\"},\"image\":{\"@id\":\"https:\/\/fmc.org.ar\/en\/2018\/02\/15\/dici-con-el-hospital-aleman\/#primaryimage\"},\"thumbnailUrl\":\"https:\/\/fmc.org.ar\/wp-content\/uploads\/2019\/08\/DICI2017.jpg\",\"articleSection\":[\"Eventos\"],\"inLanguage\":\"en-US\",\"potentialAction\":[{\"@type\":\"CommentAction\",\"name\":\"Comment\",\"target\":[\"https:\/\/fmc.org.ar\/en\/2018\/02\/15\/dici-con-el-hospital-aleman\/#respond\"]}]},{\"@type\":\"WebPage\",\"@id\":\"https:\/\/fmc.org.ar\/en\/2018\/02\/15\/dici-con-el-hospital-aleman\/\",\"url\":\"https:\/\/fmc.org.ar\/en\/2018\/02\/15\/dici-con-el-hospital-aleman\/\",\"name\":\"D\u00eda Internacional del C\u00e1ncer Infantil con el Hospital Alem\u00e1n - fmc\",\"isPartOf\":{\"@id\":\"https:\/\/fmc.org.ar\/#website\"},\"primaryImageOfPage\":{\"@id\":\"https:\/\/fmc.org.ar\/en\/2018\/02\/15\/dici-con-el-hospital-aleman\/#primaryimage\"},\"image\":{\"@id\":\"https:\/\/fmc.org.ar\/en\/2018\/02\/15\/dici-con-el-hospital-aleman\/#primaryimage\"},\"thumbnailUrl\":\"https:\/\/fmc.org.ar\/wp-content\/uploads\/2019\/08\/DICI2017.jpg\",\"datePublished\":\"2018-02-15T14:00:24+00:00\",\"dateModified\":\"2019-09-10T09:33:16+00:00\",\"breadcrumb\":{\"@id\":\"https:\/\/fmc.org.ar\/en\/2018\/02\/15\/dici-con-el-hospital-aleman\/#breadcrumb\"},\"inLanguage\":\"en-US\",\"potentialAction\":[{\"@type\":\"ReadAction\",\"target\":[\"https:\/\/fmc.org.ar\/en\/2018\/02\/15\/dici-con-el-hospital-aleman\/\"]}]},{\"@type\":\"ImageObject\",\"inLanguage\":\"en-US\",\"@id\":\"https:\/\/fmc.org.ar\/en\/2018\/02\/15\/dici-con-el-hospital-aleman\/#primaryimage\",\"url\":\"https:\/\/fmc.org.ar\/wp-content\/uploads\/2019\/08\/DICI2017.jpg\",\"contentUrl\":\"https:\/\/fmc.org.ar\/wp-content\/uploads\/2019\/08\/DICI2017.jpg\",\"width\":960,\"height\":640},{\"@type\":\"BreadcrumbList\",\"@id\":\"https:\/\/fmc.org.ar\/en\/2018\/02\/15\/dici-con-el-hospital-aleman\/#breadcrumb\",\"itemListElement\":[{\"@type\":\"ListItem\",\"position\":1,\"name\":\"Portada\",\"item\":\"https:\/\/fmc.org.ar\/\"},{\"@type\":\"ListItem\",\"position\":2,\"name\":\"D\u00eda Internacional del C\u00e1ncer Infantil con el Hospital Alem\u00e1n\"}]},{\"@type\":\"WebSite\",\"@id\":\"https:\/\/fmc.org.ar\/#website\",\"url\":\"https:\/\/fmc.org.ar\/\",\"name\":\"fmc\",\"description\":\"Tratamiento Integral del Ni\u00f1o Oncol\u00f3gico\",\"publisher\":{\"@id\":\"https:\/\/fmc.org.ar\/#organization\"},\"potentialAction\":[{\"@type\":\"SearchAction\",\"target\":{\"@type\":\"EntryPoint\",\"urlTemplate\":\"https:\/\/fmc.org.ar\/?s={search_term_string}\"},\"query-input\":{\"@type\":\"PropertyValueSpecification\",\"valueRequired\":true,\"valueName\":\"search_term_string\"}}],\"inLanguage\":\"en-US\"},{\"@type\":\"Organization\",\"@id\":\"https:\/\/fmc.org.ar\/#organization\",\"name\":\"fmc\",\"url\":\"https:\/\/fmc.org.ar\/\",\"logo\":{\"@type\":\"ImageObject\",\"inLanguage\":\"en-US\",\"@id\":\"https:\/\/fmc.org.ar\/#\/schema\/logo\/image\/\",\"url\":\"https:\/\/fmc.org.ar\/wp-content\/uploads\/2019\/08\/cropped-logo-05.png\",\"contentUrl\":\"https:\/\/fmc.org.ar\/wp-content\/uploads\/2019\/08\/cropped-logo-05.png\",\"width\":980,\"height\":980,\"caption\":\"fmc\"},\"image\":{\"@id\":\"https:\/\/fmc.org.ar\/#\/schema\/logo\/image\/\"}},{\"@type\":\"Person\",\"@id\":\"https:\/\/fmc.org.ar\/#\/schema\/person\/ddb4733984afcb7bcb086aeecefbd261\",\"name\":\"TINO\",\"image\":{\"@type\":\"ImageObject\",\"inLanguage\":\"en-US\",\"@id\":\"https:\/\/fmc.org.ar\/#\/schema\/person\/image\/\",\"url\":\"https:\/\/secure.gravatar.com\/avatar\/bd67917add548e53adf8776c32e54b35abeac98dbc8ce2e0600ac83980ad0a7b?s=96&d=mm&r=g\",\"contentUrl\":\"https:\/\/secure.gravatar.com\/avatar\/bd67917add548e53adf8776c32e54b35abeac98dbc8ce2e0600ac83980ad0a7b?s=96&d=mm&r=g\",\"caption\":\"TINO\"},\"url\":\"https:\/\/fmc.org.ar\/en\/author\/tino\/\"}]}<\/script>\n<!-- \/ Yoast SEO plugin. -->","yoast_head_json":{"title":"D\u00eda Internacional del C\u00e1ncer Infantil con el Hospital Alem\u00e1n - fmc","robots":{"index":"index","follow":"follow","max-snippet":"max-snippet:-1","max-image-preview":"max-image-preview:large","max-video-preview":"max-video-preview:-1"},"canonical":"https:\/\/fmc.org.ar\/en\/2018\/02\/15\/dici-con-el-hospital-aleman\/","og_locale":"en_US","og_type":"article","og_title":"D\u00eda Internacional del C\u00e1ncer Infantil con el Hospital Alem\u00e1n - fmc","og_description":"Por primera vez, compartimos un servicio en conjunto con el Hospital Alem\u00e1n. Fue una tarde de juegos y merienda donde los 65 ni\u00f1os que participaron, se divirtieron y jugaron a pleno. Tambi\u00e9n nos acompa\u00f1aron los Alegra\u00f1atas, dando un toque de magia a las actividades que realizamos. Festejamos el D\u00eda del C\u00e1ncer Infantil junto al Hospital Alem\u00e1n. Tuvimos un viaje muy [&hellip;]","og_url":"https:\/\/fmc.org.ar\/en\/2018\/02\/15\/dici-con-el-hospital-aleman\/","og_site_name":"fmc","article_published_time":"2018-02-15T14:00:24+00:00","article_modified_time":"2019-09-10T09:33:16+00:00","og_image":[{"width":960,"height":640,"url":"https:\/\/fmc.org.ar\/wp-content\/uploads\/2019\/08\/DICI2017.jpg","type":"image\/jpeg"}],"author":"TINO","twitter_card":"summary_large_image","twitter_misc":{"Written by":"TINO","Est. reading time":"1 minute"},"schema":{"@context":"https:\/\/schema.org","@graph":[{"@type":"Article","@id":"https:\/\/fmc.org.ar\/en\/2018\/02\/15\/dici-con-el-hospital-aleman\/#article","isPartOf":{"@id":"https:\/\/fmc.org.ar\/en\/2018\/02\/15\/dici-con-el-hospital-aleman\/"},"author":{"name":"TINO","@id":"https:\/\/fmc.org.ar\/#\/schema\/person\/ddb4733984afcb7bcb086aeecefbd261"},"headline":"D\u00eda Internacional del C\u00e1ncer Infantil con el Hospital Alem\u00e1n","datePublished":"2018-02-15T14:00:24+00:00","dateModified":"2019-09-10T09:33:16+00:00","mainEntityOfPage":{"@id":"https:\/\/fmc.org.ar\/en\/2018\/02\/15\/dici-con-el-hospital-aleman\/"},"wordCount":143,"commentCount":0,"publisher":{"@id":"https:\/\/fmc.org.ar\/#organization"},"image":{"@id":"https:\/\/fmc.org.ar\/en\/2018\/02\/15\/dici-con-el-hospital-aleman\/#primaryimage"},"thumbnailUrl":"https:\/\/fmc.org.ar\/wp-content\/uploads\/2019\/08\/DICI2017.jpg","articleSection":["Eventos"],"inLanguage":"en-US","potentialAction":[{"@type":"CommentAction","name":"Comment","target":["https:\/\/fmc.org.ar\/en\/2018\/02\/15\/dici-con-el-hospital-aleman\/#respond"]}]},{"@type":"WebPage","@id":"https:\/\/fmc.org.ar\/en\/2018\/02\/15\/dici-con-el-hospital-aleman\/","url":"https:\/\/fmc.org.ar\/en\/2018\/02\/15\/dici-con-el-hospital-aleman\/","name":"D\u00eda Internacional del C\u00e1ncer Infantil con el Hospital Alem\u00e1n - fmc","isPartOf":{"@id":"https:\/\/fmc.org.ar\/#website"},"primaryImageOfPage":{"@id":"https:\/\/fmc.org.ar\/en\/2018\/02\/15\/dici-con-el-hospital-aleman\/#primaryimage"},"image":{"@id":"https:\/\/fmc.org.ar\/en\/2018\/02\/15\/dici-con-el-hospital-aleman\/#primaryimage"},"thumbnailUrl":"https:\/\/fmc.org.ar\/wp-content\/uploads\/2019\/08\/DICI2017.jpg","datePublished":"2018-02-15T14:00:24+00:00","dateModified":"2019-09-10T09:33:16+00:00","breadcrumb":{"@id":"https:\/\/fmc.org.ar\/en\/2018\/02\/15\/dici-con-el-hospital-aleman\/#breadcrumb"},"inLanguage":"en-US","potentialAction":[{"@type":"ReadAction","target":["https:\/\/fmc.org.ar\/en\/2018\/02\/15\/dici-con-el-hospital-aleman\/"]}]},{"@type":"ImageObject","inLanguage":"en-US","@id":"https:\/\/fmc.org.ar\/en\/2018\/02\/15\/dici-con-el-hospital-aleman\/#primaryimage","url":"https:\/\/fmc.org.ar\/wp-content\/uploads\/2019\/08\/DICI2017.jpg","contentUrl":"https:\/\/fmc.org.ar\/wp-content\/uploads\/2019\/08\/DICI2017.jpg","width":960,"height":640},{"@type":"BreadcrumbList","@id":"https:\/\/fmc.org.ar\/en\/2018\/02\/15\/dici-con-el-hospital-aleman\/#breadcrumb","itemListElement":[{"@type":"ListItem","position":1,"name":"Portada","item":"https:\/\/fmc.org.ar\/"},{"@type":"ListItem","position":2,"name":"D\u00eda Internacional del C\u00e1ncer Infantil con el Hospital Alem\u00e1n"}]},{"@type":"WebSite","@id":"https:\/\/fmc.org.ar\/#website","url":"https:\/\/fmc.org.ar\/","name":"fmc","description":"Comprehensive Treatment of Childhood Oncology","publisher":{"@id":"https:\/\/fmc.org.ar\/#organization"},"potentialAction":[{"@type":"SearchAction","target":{"@type":"EntryPoint","urlTemplate":"https:\/\/fmc.org.ar\/?s={search_term_string}"},"query-input":{"@type":"PropertyValueSpecification","valueRequired":true,"valueName":"search_term_string"}}],"inLanguage":"en-US"},{"@type":"Organization","@id":"https:\/\/fmc.org.ar\/#organization","name":"fmc","url":"https:\/\/fmc.org.ar\/","logo":{"@type":"ImageObject","inLanguage":"en-US","@id":"https:\/\/fmc.org.ar\/#\/schema\/logo\/image\/","url":"https:\/\/fmc.org.ar\/wp-content\/uploads\/2019\/08\/cropped-logo-05.png","contentUrl":"https:\/\/fmc.org.ar\/wp-content\/uploads\/2019\/08\/cropped-logo-05.png","width":980,"height":980,"caption":"fmc"},"image":{"@id":"https:\/\/fmc.org.ar\/#\/schema\/logo\/image\/"}},{"@type":"Person","@id":"https:\/\/fmc.org.ar\/#\/schema\/person\/ddb4733984afcb7bcb086aeecefbd261","name":"TINO","image":{"@type":"ImageObject","inLanguage":"en-US","@id":"https:\/\/fmc.org.ar\/#\/schema\/person\/image\/","url":"https:\/\/secure.gravatar.com\/avatar\/bd67917add548e53adf8776c32e54b35abeac98dbc8ce2e0600ac83980ad0a7b?s=96&d=mm&r=g","contentUrl":"https:\/\/secure.gravatar.com\/avatar\/bd67917add548e53adf8776c32e54b35abeac98dbc8ce2e0600ac83980ad0a7b?s=96&d=mm&r=g","caption":"TINO"},"url":"https:\/\/fmc.org.ar\/en\/author\/tino\/"}]}},"_links":{"self":[{"href":"https:\/\/fmc.org.ar\/en\/wp-json\/wp\/v2\/posts\/16555","targetHints":{"allow":["GET"]}}],"collection":[{"href":"https:\/\/fmc.org.ar\/en\/wp-json\/wp\/v2\/posts"}],"about":[{"href":"https:\/\/fmc.org.ar\/en\/wp-json\/wp\/v2\/types\/post"}],"author":[{"embeddable":true,"href":"https:\/\/fmc.org.ar\/en\/wp-json\/wp\/v2\/users\/3"}],"replies":[{"embeddable":true,"href":"https:\/\/fmc.org.ar\/en\/wp-json\/wp\/v2\/comments?post=16555"}],"version-history":[{"count":3,"href":"https:\/\/fmc.org.ar\/en\/wp-json\/wp\/v2\/posts\/16555\/revisions"}],"predecessor-version":[{"id":16559,"href":"https:\/\/fmc.org.ar\/en\/wp-json\/wp\/v2\/posts\/16555\/revisions\/16559"}],"wp:featuredmedia":[{"embeddable":true,"href":"https:\/\/fmc.org.ar\/en\/wp-json\/wp\/v2\/media\/16556"}],"wp:attachment":[{"href":"https:\/\/fmc.org.ar\/en\/wp-json\/wp\/v2\/media?parent=16555"}],"wp:term":[{"taxonomy":"category","embeddable":true,"href":"https:\/\/fmc.org.ar\/en\/wp-json\/wp\/v2\/categories?post=16555"},{"taxonomy":"post_tag","embeddable":true,"href":"https:\/\/fmc.org.ar\/en\/wp-json\/wp\/v2\/tags?post=16555"}],"curies":[{"name":"wp","href":"https:\/\/api.w.org\/{rel}","templated":true}]}}