{"id":14879,"date":"2015-12-15T16:00:03","date_gmt":"2015-12-15T15:00:03","guid":{"rendered":"http:\/\/uplift.swiftideas.com\/?p=14879"},"modified":"2019-09-10T11:32:53","modified_gmt":"2019-09-10T09:32:53","slug":"text-only-post","status":"publish","type":"post","link":"https:\/\/fmc.org.ar\/en\/2015\/12\/15\/text-only-post\/","title":{"rendered":"2\u00b0Jornada de Hematolog\u00eda y Oncolog\u00eda"},"content":{"rendered":"<h5>&#8220;Cuando sospechamos c\u00e1ncer en los ni\u00f1os&#8221;<\/h5>\n<p>Viernes 1\u00b0 de Septiembre de 8 a 14 horas<\/p>\n<p>Hospital Materno Infantil de Tigre (Carlos de Alvear 1666, Tigre)<\/p>\n<p>Dirigido a pediatrias de atenci\u00f3n primaria<\/p>\n<p>&nbsp;<\/p>\n<p><strong>Disertantes:<\/strong><\/p>\n<ul>\n<li>Dra. Mar\u00eda Ang\u00e9lica Fern\u00e1ndez Barbieri<\/li>\n<li>Dra. Lorena Mor\u00e1n<\/li>\n<li>Dra. Florencia Moreno<\/li>\n<li>Dra. Mercedes Garc\u00eda Dom\u00ednguez<\/li>\n<li>Dra. Alejandra Maro<\/li>\n<li>Dr. Agust\u00edn Cardoso<\/li>\n<li>Lic. Mar\u00eda Paula Garc\u00eda Cozzi<\/li>\n<\/ul>\n<p>&nbsp;<\/p>\n<p>&nbsp;<\/p>\n<p><a href=\"https:\/\/fmc.org.ar\/index.php?IDM=50&amp;mpal=31&amp;alias=\"><span class=\"_47e3 _5mfr\" title=\"Emoji smile\"><img loading=\"lazy\" decoding=\"async\" src=\"http:\/\/www.actualizarmiweb.com\/sites\/fmc-org-ar\/publico\/image\/Noticias\/2017-A3-2%C2%B0-JORNADA-HEMATOLO.jpg\" alt=\"\" width=\"497\" height=\"701\" \/><\/span><\/a><\/p>","protected":false},"excerpt":{"rendered":"<p>&#8220;Cuando sospechamos c\u00e1ncer en los ni\u00f1os&#8221; Viernes 1\u00b0 de Septiembre de 8 a 14 horas Hospital Materno Infantil de Tigre (Carlos de Alvear 1666, Tigre) Dirigido a pediatrias de atenci\u00f3n primaria &nbsp; Disertantes: Dra. Mar\u00eda Ang\u00e9lica Fern\u00e1ndez Barbieri Dra. Lorena Mor\u00e1n Dra. Florencia Moreno Dra. Mercedes Garc\u00eda Dom\u00ednguez Dra. Alejandra Maro Dr. Agust\u00edn Cardoso Lic. Mar\u00eda Paula Garc\u00eda Cozzi &nbsp; [&hellip;]<\/p>","protected":false},"author":3,"featured_media":15844,"comment_status":"open","ping_status":"open","sticky":false,"template":"","format":"standard","meta":{"footnotes":""},"categories":[34],"tags":[],"class_list":["post-14879","post","type-post","status-publish","format-standard","has-post-thumbnail","hentry","category-eventos"],"yoast_head":"<!-- This site is optimized with the Yoast SEO plugin v26.4 - https:\/\/yoast.com\/wordpress\/plugins\/seo\/ -->\n<title>2\u00b0Jornada de Hematolog\u00eda y Oncolog\u00eda - fmc<\/title>\n<meta name=\"robots\" content=\"index, follow, max-snippet:-1, max-image-preview:large, max-video-preview:-1\" \/>\n<link rel=\"canonical\" href=\"https:\/\/fmc.org.ar\/en\/2015\/12\/15\/text-only-post\/\" \/>\n<meta property=\"og:locale\" content=\"en_US\" \/>\n<meta property=\"og:type\" content=\"article\" \/>\n<meta property=\"og:title\" content=\"2\u00b0Jornada de Hematolog\u00eda y Oncolog\u00eda - fmc\" \/>\n<meta property=\"og:description\" content=\"&#8220;Cuando sospechamos c\u00e1ncer en los ni\u00f1os&#8221; Viernes 1\u00b0 de Septiembre de 8 a 14 horas Hospital Materno Infantil de Tigre (Carlos de Alvear 1666, Tigre) Dirigido a pediatrias de atenci\u00f3n primaria &nbsp; Disertantes: Dra. Mar\u00eda Ang\u00e9lica Fern\u00e1ndez Barbieri Dra. Lorena Mor\u00e1n Dra. Florencia Moreno Dra. Mercedes Garc\u00eda Dom\u00ednguez Dra. Alejandra Maro Dr. Agust\u00edn Cardoso Lic. Mar\u00eda Paula Garc\u00eda Cozzi &nbsp; [&hellip;]\" \/>\n<meta property=\"og:url\" content=\"https:\/\/fmc.org.ar\/en\/2015\/12\/15\/text-only-post\/\" \/>\n<meta property=\"og:site_name\" content=\"fmc\" \/>\n<meta property=\"article:published_time\" content=\"2015-12-15T15:00:03+00:00\" \/>\n<meta property=\"article:modified_time\" content=\"2019-09-10T09:32:53+00:00\" \/>\n<meta property=\"og:image\" content=\"https:\/\/fmc.org.ar\/wp-content\/uploads\/2015\/12\/2017-A3-2\u00b0-JORNADA-HEMATOLO.jpg\" \/>\n\t<meta property=\"og:image:width\" content=\"754\" \/>\n\t<meta property=\"og:image:height\" content=\"1066\" \/>\n\t<meta property=\"og:image:type\" content=\"image\/jpeg\" \/>\n<meta name=\"author\" content=\"TINO\" \/>\n<meta name=\"twitter:card\" content=\"summary_large_image\" \/>\n<meta name=\"twitter:label1\" content=\"Written by\" \/>\n\t<meta name=\"twitter:data1\" content=\"TINO\" \/>\n<script type=\"application\/ld+json\" class=\"yoast-schema-graph\">{\"@context\":\"https:\/\/schema.org\",\"@graph\":[{\"@type\":\"Article\",\"@id\":\"https:\/\/fmc.org.ar\/2015\/12\/15\/text-only-post\/#article\",\"isPartOf\":{\"@id\":\"https:\/\/fmc.org.ar\/2015\/12\/15\/text-only-post\/\"},\"author\":{\"name\":\"TINO\",\"@id\":\"https:\/\/fmc.org.ar\/#\/schema\/person\/ddb4733984afcb7bcb086aeecefbd261\"},\"headline\":\"2\u00b0Jornada de Hematolog\u00eda y Oncolog\u00eda\",\"datePublished\":\"2015-12-15T15:00:03+00:00\",\"dateModified\":\"2019-09-10T09:32:53+00:00\",\"mainEntityOfPage\":{\"@id\":\"https:\/\/fmc.org.ar\/2015\/12\/15\/text-only-post\/\"},\"wordCount\":76,\"commentCount\":0,\"publisher\":{\"@id\":\"https:\/\/fmc.org.ar\/#organization\"},\"image\":{\"@id\":\"https:\/\/fmc.org.ar\/2015\/12\/15\/text-only-post\/#primaryimage\"},\"thumbnailUrl\":\"https:\/\/fmc.org.ar\/wp-content\/uploads\/2015\/12\/2017-A3-2\u00b0-JORNADA-HEMATOLO.jpg\",\"articleSection\":[\"Eventos\"],\"inLanguage\":\"en-US\",\"potentialAction\":[{\"@type\":\"CommentAction\",\"name\":\"Comment\",\"target\":[\"https:\/\/fmc.org.ar\/2015\/12\/15\/text-only-post\/#respond\"]}]},{\"@type\":\"WebPage\",\"@id\":\"https:\/\/fmc.org.ar\/2015\/12\/15\/text-only-post\/\",\"url\":\"https:\/\/fmc.org.ar\/2015\/12\/15\/text-only-post\/\",\"name\":\"2\u00b0Jornada de Hematolog\u00eda y Oncolog\u00eda - fmc\",\"isPartOf\":{\"@id\":\"https:\/\/fmc.org.ar\/#website\"},\"primaryImageOfPage\":{\"@id\":\"https:\/\/fmc.org.ar\/2015\/12\/15\/text-only-post\/#primaryimage\"},\"image\":{\"@id\":\"https:\/\/fmc.org.ar\/2015\/12\/15\/text-only-post\/#primaryimage\"},\"thumbnailUrl\":\"https:\/\/fmc.org.ar\/wp-content\/uploads\/2015\/12\/2017-A3-2\u00b0-JORNADA-HEMATOLO.jpg\",\"datePublished\":\"2015-12-15T15:00:03+00:00\",\"dateModified\":\"2019-09-10T09:32:53+00:00\",\"breadcrumb\":{\"@id\":\"https:\/\/fmc.org.ar\/2015\/12\/15\/text-only-post\/#breadcrumb\"},\"inLanguage\":\"en-US\",\"potentialAction\":[{\"@type\":\"ReadAction\",\"target\":[\"https:\/\/fmc.org.ar\/2015\/12\/15\/text-only-post\/\"]}]},{\"@type\":\"ImageObject\",\"inLanguage\":\"en-US\",\"@id\":\"https:\/\/fmc.org.ar\/2015\/12\/15\/text-only-post\/#primaryimage\",\"url\":\"https:\/\/fmc.org.ar\/wp-content\/uploads\/2015\/12\/2017-A3-2\u00b0-JORNADA-HEMATOLO.jpg\",\"contentUrl\":\"https:\/\/fmc.org.ar\/wp-content\/uploads\/2015\/12\/2017-A3-2\u00b0-JORNADA-HEMATOLO.jpg\",\"width\":754,\"height\":1066},{\"@type\":\"BreadcrumbList\",\"@id\":\"https:\/\/fmc.org.ar\/2015\/12\/15\/text-only-post\/#breadcrumb\",\"itemListElement\":[{\"@type\":\"ListItem\",\"position\":1,\"name\":\"Portada\",\"item\":\"https:\/\/fmc.org.ar\/\"},{\"@type\":\"ListItem\",\"position\":2,\"name\":\"2\u00b0Jornada de Hematolog\u00eda y Oncolog\u00eda\"}]},{\"@type\":\"WebSite\",\"@id\":\"https:\/\/fmc.org.ar\/#website\",\"url\":\"https:\/\/fmc.org.ar\/\",\"name\":\"fmc\",\"description\":\"Tratamiento Integral del Ni\u00f1o Oncol\u00f3gico\",\"publisher\":{\"@id\":\"https:\/\/fmc.org.ar\/#organization\"},\"potentialAction\":[{\"@type\":\"SearchAction\",\"target\":{\"@type\":\"EntryPoint\",\"urlTemplate\":\"https:\/\/fmc.org.ar\/?s={search_term_string}\"},\"query-input\":{\"@type\":\"PropertyValueSpecification\",\"valueRequired\":true,\"valueName\":\"search_term_string\"}}],\"inLanguage\":\"en-US\"},{\"@type\":\"Organization\",\"@id\":\"https:\/\/fmc.org.ar\/#organization\",\"name\":\"fmc\",\"url\":\"https:\/\/fmc.org.ar\/\",\"logo\":{\"@type\":\"ImageObject\",\"inLanguage\":\"en-US\",\"@id\":\"https:\/\/fmc.org.ar\/#\/schema\/logo\/image\/\",\"url\":\"https:\/\/fmc.org.ar\/wp-content\/uploads\/2019\/08\/cropped-logo-05.png\",\"contentUrl\":\"https:\/\/fmc.org.ar\/wp-content\/uploads\/2019\/08\/cropped-logo-05.png\",\"width\":980,\"height\":980,\"caption\":\"fmc\"},\"image\":{\"@id\":\"https:\/\/fmc.org.ar\/#\/schema\/logo\/image\/\"}},{\"@type\":\"Person\",\"@id\":\"https:\/\/fmc.org.ar\/#\/schema\/person\/ddb4733984afcb7bcb086aeecefbd261\",\"name\":\"TINO\",\"image\":{\"@type\":\"ImageObject\",\"inLanguage\":\"en-US\",\"@id\":\"https:\/\/fmc.org.ar\/#\/schema\/person\/image\/\",\"url\":\"https:\/\/secure.gravatar.com\/avatar\/bd67917add548e53adf8776c32e54b35abeac98dbc8ce2e0600ac83980ad0a7b?s=96&d=mm&r=g\",\"contentUrl\":\"https:\/\/secure.gravatar.com\/avatar\/bd67917add548e53adf8776c32e54b35abeac98dbc8ce2e0600ac83980ad0a7b?s=96&d=mm&r=g\",\"caption\":\"TINO\"},\"url\":\"https:\/\/fmc.org.ar\/en\/author\/tino\/\"}]}<\/script>\n<!-- \/ Yoast SEO plugin. -->","yoast_head_json":{"title":"2\u00b0Jornada de Hematolog\u00eda y Oncolog\u00eda - fmc","robots":{"index":"index","follow":"follow","max-snippet":"max-snippet:-1","max-image-preview":"max-image-preview:large","max-video-preview":"max-video-preview:-1"},"canonical":"https:\/\/fmc.org.ar\/en\/2015\/12\/15\/text-only-post\/","og_locale":"en_US","og_type":"article","og_title":"2\u00b0Jornada de Hematolog\u00eda y Oncolog\u00eda - fmc","og_description":"&#8220;Cuando sospechamos c\u00e1ncer en los ni\u00f1os&#8221; Viernes 1\u00b0 de Septiembre de 8 a 14 horas Hospital Materno Infantil de Tigre (Carlos de Alvear 1666, Tigre) Dirigido a pediatrias de atenci\u00f3n primaria &nbsp; Disertantes: Dra. Mar\u00eda Ang\u00e9lica Fern\u00e1ndez Barbieri Dra. Lorena Mor\u00e1n Dra. Florencia Moreno Dra. Mercedes Garc\u00eda Dom\u00ednguez Dra. Alejandra Maro Dr. Agust\u00edn Cardoso Lic. Mar\u00eda Paula Garc\u00eda Cozzi &nbsp; [&hellip;]","og_url":"https:\/\/fmc.org.ar\/en\/2015\/12\/15\/text-only-post\/","og_site_name":"fmc","article_published_time":"2015-12-15T15:00:03+00:00","article_modified_time":"2019-09-10T09:32:53+00:00","og_image":[{"width":754,"height":1066,"url":"https:\/\/fmc.org.ar\/wp-content\/uploads\/2015\/12\/2017-A3-2\u00b0-JORNADA-HEMATOLO.jpg","type":"image\/jpeg"}],"author":"TINO","twitter_card":"summary_large_image","twitter_misc":{"Written by":"TINO"},"schema":{"@context":"https:\/\/schema.org","@graph":[{"@type":"Article","@id":"https:\/\/fmc.org.ar\/2015\/12\/15\/text-only-post\/#article","isPartOf":{"@id":"https:\/\/fmc.org.ar\/2015\/12\/15\/text-only-post\/"},"author":{"name":"TINO","@id":"https:\/\/fmc.org.ar\/#\/schema\/person\/ddb4733984afcb7bcb086aeecefbd261"},"headline":"2\u00b0Jornada de Hematolog\u00eda y Oncolog\u00eda","datePublished":"2015-12-15T15:00:03+00:00","dateModified":"2019-09-10T09:32:53+00:00","mainEntityOfPage":{"@id":"https:\/\/fmc.org.ar\/2015\/12\/15\/text-only-post\/"},"wordCount":76,"commentCount":0,"publisher":{"@id":"https:\/\/fmc.org.ar\/#organization"},"image":{"@id":"https:\/\/fmc.org.ar\/2015\/12\/15\/text-only-post\/#primaryimage"},"thumbnailUrl":"https:\/\/fmc.org.ar\/wp-content\/uploads\/2015\/12\/2017-A3-2\u00b0-JORNADA-HEMATOLO.jpg","articleSection":["Eventos"],"inLanguage":"en-US","potentialAction":[{"@type":"CommentAction","name":"Comment","target":["https:\/\/fmc.org.ar\/2015\/12\/15\/text-only-post\/#respond"]}]},{"@type":"WebPage","@id":"https:\/\/fmc.org.ar\/2015\/12\/15\/text-only-post\/","url":"https:\/\/fmc.org.ar\/2015\/12\/15\/text-only-post\/","name":"2\u00b0Jornada de Hematolog\u00eda y Oncolog\u00eda - fmc","isPartOf":{"@id":"https:\/\/fmc.org.ar\/#website"},"primaryImageOfPage":{"@id":"https:\/\/fmc.org.ar\/2015\/12\/15\/text-only-post\/#primaryimage"},"image":{"@id":"https:\/\/fmc.org.ar\/2015\/12\/15\/text-only-post\/#primaryimage"},"thumbnailUrl":"https:\/\/fmc.org.ar\/wp-content\/uploads\/2015\/12\/2017-A3-2\u00b0-JORNADA-HEMATOLO.jpg","datePublished":"2015-12-15T15:00:03+00:00","dateModified":"2019-09-10T09:32:53+00:00","breadcrumb":{"@id":"https:\/\/fmc.org.ar\/2015\/12\/15\/text-only-post\/#breadcrumb"},"inLanguage":"en-US","potentialAction":[{"@type":"ReadAction","target":["https:\/\/fmc.org.ar\/2015\/12\/15\/text-only-post\/"]}]},{"@type":"ImageObject","inLanguage":"en-US","@id":"https:\/\/fmc.org.ar\/2015\/12\/15\/text-only-post\/#primaryimage","url":"https:\/\/fmc.org.ar\/wp-content\/uploads\/2015\/12\/2017-A3-2\u00b0-JORNADA-HEMATOLO.jpg","contentUrl":"https:\/\/fmc.org.ar\/wp-content\/uploads\/2015\/12\/2017-A3-2\u00b0-JORNADA-HEMATOLO.jpg","width":754,"height":1066},{"@type":"BreadcrumbList","@id":"https:\/\/fmc.org.ar\/2015\/12\/15\/text-only-post\/#breadcrumb","itemListElement":[{"@type":"ListItem","position":1,"name":"Portada","item":"https:\/\/fmc.org.ar\/"},{"@type":"ListItem","position":2,"name":"2\u00b0Jornada de Hematolog\u00eda y Oncolog\u00eda"}]},{"@type":"WebSite","@id":"https:\/\/fmc.org.ar\/#website","url":"https:\/\/fmc.org.ar\/","name":"fmc","description":"Comprehensive Treatment of Childhood Oncology","publisher":{"@id":"https:\/\/fmc.org.ar\/#organization"},"potentialAction":[{"@type":"SearchAction","target":{"@type":"EntryPoint","urlTemplate":"https:\/\/fmc.org.ar\/?s={search_term_string}"},"query-input":{"@type":"PropertyValueSpecification","valueRequired":true,"valueName":"search_term_string"}}],"inLanguage":"en-US"},{"@type":"Organization","@id":"https:\/\/fmc.org.ar\/#organization","name":"fmc","url":"https:\/\/fmc.org.ar\/","logo":{"@type":"ImageObject","inLanguage":"en-US","@id":"https:\/\/fmc.org.ar\/#\/schema\/logo\/image\/","url":"https:\/\/fmc.org.ar\/wp-content\/uploads\/2019\/08\/cropped-logo-05.png","contentUrl":"https:\/\/fmc.org.ar\/wp-content\/uploads\/2019\/08\/cropped-logo-05.png","width":980,"height":980,"caption":"fmc"},"image":{"@id":"https:\/\/fmc.org.ar\/#\/schema\/logo\/image\/"}},{"@type":"Person","@id":"https:\/\/fmc.org.ar\/#\/schema\/person\/ddb4733984afcb7bcb086aeecefbd261","name":"TINO","image":{"@type":"ImageObject","inLanguage":"en-US","@id":"https:\/\/fmc.org.ar\/#\/schema\/person\/image\/","url":"https:\/\/secure.gravatar.com\/avatar\/bd67917add548e53adf8776c32e54b35abeac98dbc8ce2e0600ac83980ad0a7b?s=96&d=mm&r=g","contentUrl":"https:\/\/secure.gravatar.com\/avatar\/bd67917add548e53adf8776c32e54b35abeac98dbc8ce2e0600ac83980ad0a7b?s=96&d=mm&r=g","caption":"TINO"},"url":"https:\/\/fmc.org.ar\/en\/author\/tino\/"}]}},"_links":{"self":[{"href":"https:\/\/fmc.org.ar\/en\/wp-json\/wp\/v2\/posts\/14879","targetHints":{"allow":["GET"]}}],"collection":[{"href":"https:\/\/fmc.org.ar\/en\/wp-json\/wp\/v2\/posts"}],"about":[{"href":"https:\/\/fmc.org.ar\/en\/wp-json\/wp\/v2\/types\/post"}],"author":[{"embeddable":true,"href":"https:\/\/fmc.org.ar\/en\/wp-json\/wp\/v2\/users\/3"}],"replies":[{"embeddable":true,"href":"https:\/\/fmc.org.ar\/en\/wp-json\/wp\/v2\/comments?post=14879"}],"version-history":[{"count":3,"href":"https:\/\/fmc.org.ar\/en\/wp-json\/wp\/v2\/posts\/14879\/revisions"}],"predecessor-version":[{"id":15843,"href":"https:\/\/fmc.org.ar\/en\/wp-json\/wp\/v2\/posts\/14879\/revisions\/15843"}],"wp:featuredmedia":[{"embeddable":true,"href":"https:\/\/fmc.org.ar\/en\/wp-json\/wp\/v2\/media\/15844"}],"wp:attachment":[{"href":"https:\/\/fmc.org.ar\/en\/wp-json\/wp\/v2\/media?parent=14879"}],"wp:term":[{"taxonomy":"category","embeddable":true,"href":"https:\/\/fmc.org.ar\/en\/wp-json\/wp\/v2\/categories?post=14879"},{"taxonomy":"post_tag","embeddable":true,"href":"https:\/\/fmc.org.ar\/en\/wp-json\/wp\/v2\/tags?post=14879"}],"curies":[{"name":"wp","href":"https:\/\/api.w.org\/{rel}","templated":true}]}}